{"id":35793,"date":"2020-01-14T08:34:11","date_gmt":"2020-01-14T06:34:11","guid":{"rendered":"https:\/\/estyl.pl\/blog\/?p=35793"},"modified":"2020-07-22T10:02:28","modified_gmt":"2020-07-22T08:02:28","slug":"12-sposobow-jak-rozswietlic-twarz","status":"publish","type":"post","link":"https:\/\/estyl.pl\/blog\/12-sposobow-jak-rozswietlic-twarz\/","title":{"rendered":"12 sposob\u00f3w jak roz\u015bwietli\u0107 twarz. Poznaj je wszystkie!"},"content":{"rendered":"<p><span style=\"font-weight: 400;\">Promienna i roz\u015bwietlona twarz to oznaka zdrowej cery. Je\u015bli my\u015blisz, \u017ce tylko dzi\u0119ki kosmetykom kolorowym jeste\u015b w stanie roz\u015bwietli\u0107 cer\u0119, to si\u0119 mylisz. Nawet nie wiesz, jak wiele zale\u017cy od innych czynnik\u00f3w, kt\u00f3re chcemy Ci dzisiaj przedstawi\u0107. Zapomnij o matowej cerze i zobacz, jak roz\u015bwietli\u0107 twarz.<\/span><!--more--><\/p>\n<h2 style=\"padding-left: 90px;\"><img decoding=\"async\" loading=\"lazy\" class=\"aligncenter wp-image-35826 size-full\" title=\"Jak roz\u015bwietli\u0107 twarz? Poznaj nasze sposoby!\" src=\"https:\/\/estyl.pl\/blog\/wp-content\/uploads\/2020\/01\/GettyImages-1070173472.jpg\" alt=\"Jak roz\u015bwietli\u0107 twarz? Poznaj nasze sposoby!\" width=\"600\" height=\"400\" srcset=\"https:\/\/estyl.pl\/blog\/wp-content\/uploads\/2020\/01\/GettyImages-1070173472.jpg 600w, https:\/\/estyl.pl\/blog\/wp-content\/uploads\/2020\/01\/GettyImages-1070173472-300x200.jpg 300w, https:\/\/estyl.pl\/blog\/wp-content\/uploads\/2020\/01\/GettyImages-1070173472-580x387.jpg 580w, https:\/\/estyl.pl\/blog\/wp-content\/uploads\/2020\/01\/GettyImages-1070173472-261x174.jpg 261w, https:\/\/estyl.pl\/blog\/wp-content\/uploads\/2020\/01\/GettyImages-1070173472-212x140.jpg 212w\" sizes=\"(max-width: 600px) 100vw, 600px\" \/><\/h2>\n<h2><b>Roz\u015bwietlona twarz kluczem do sukcesu?<\/b><\/h2>\n<p><span style=\"font-weight: 400;\"><strong>Zastanawiasz si\u0119 czasem, dlaczego makija\u017c, kt\u00f3ry wykonujesz nie jest idealny? Wiele zale\u017cy bowiem od tego, w jaki spos\u00f3b piel\u0119gnujesz cer\u0119.<\/strong> Na tegorocznym Fashion Weeku w Nowym Jorku to w\u0142a\u015bnie piel\u0119gnacja sk\u00f3ry by\u0142a podstaw\u0105 do wykonania profesjonalnego makija\u017cu. I to w\u0142a\u015bnie na nawil\u017ceniu skupiali swoj\u0105 uwag\u0119 wiza\u017cy\u015bci przed najwa\u017cniejszymi pokazami mody, ale nie tylko. Wielu makija\u017cyst\u00f3w przed wykonaniem make-upu koncentruje swoj\u0105 uwag\u0119 na stanie cery stosuj\u0105c maski, serum czy inne kosmetyki, kt\u00f3re szybko podreperuj\u0105 stan nask\u00f3rka. Dzisiaj to w\u0142a\u015bnie im przyjrzymy si\u0119 bli\u017cej, aby odpowiedzie\u0107 na pytanie &#8211; \u201cJak roz\u015bwietli\u0107 twarz?\u201d.\u00a0<\/span><\/p>\n<h2><b>Poznaj 10 sposob\u00f3w jak roz\u015bwietli\u0107 twarz<\/b><\/h2>\n<p><span style=\"font-weight: 400;\">To w\u0142a\u015bnie nawil\u017cona i promienna sk\u00f3ra jest gwarancj\u0105 pi\u0119knego wygl\u0105du oraz dobrze wykonanego makija\u017cu. Makija\u017cu, kt\u00f3ry nie \u0142uszczy si\u0119, nie roluje, jest r\u00f3wnomierny. Cz\u0119sto w\u0105tpimy w nasze mo\u017cliwo\u015bci, a kluczem do sukcesu jest zdrowa sk\u00f3ra, a wi\u0119c odpowiednia piel\u0119gnacja. <\/span><\/p>\n<h3 style=\"text-align: center;\"><strong><em>Roz\u015bwietlenie twarzy to przede wszystkim promienna, zdrowa sk\u00f3ra.\u00a0<\/em><\/strong><\/h3>\n<p><b><b>1. Systematycznie myj twarz<\/b><\/b><\/p>\n<p>Regularne mycie twarzy to podstawa. Si\u0119gnij po \u017cel do mycia twarzy odpowiednio dobrany do potrzeb Twojej cery. <strong>Myj twarz rano i wieczorem, nak\u0142adaj\u0105c niewielk\u0105 ilo\u015b\u0107 produktu na twarz. Masuj kolistymi ruchami w celu usuni\u0119cia wszelkich zanieczyszcze\u0144, kt\u00f3re doprowadzaj\u0105 do zatykania por\u00f3w.<\/strong> Nieoczyszczona twarz staje si\u0119 matowa.<\/p>\n<p><b><b>2. Z\u0142uszczaj<\/b><\/b><\/p>\n<p><span style=\"font-weight: 400;\">Systematyczne wykonywanie peelingu twarzy wp\u0142ywa korzystnie na jej wygl\u0105d. Usuwane s\u0105 wszelkie niedoskona\u0142o\u015bci, zanieczyszczenia czy martwe kom\u00f3rki. <strong>Nagromadzenie tych substancji mo\u017ce by\u0107 przyczyn\u0105 matowej, szorstkiej cery. Z\u0142uszcza\u0107 mo\u017cesz na dwa sposoby: fizycznie i chemicznie.<\/strong> Te pierwsze wykonasz w domu przy u\u017cyciu peelingu. Mo\u017cesz si\u0119gn\u0105\u0107 po <\/span><strong><a href=\"https:\/\/estyl.pl\/skin-prep-scrub-peeling-do-twarzy-75ml\">delikatnie z\u0142uszczaj\u0105cy kosmetyk marki Dermalogica<\/a><\/strong><span style=\"font-weight: 400;\">, kt\u00f3ry wyr\u00f3wna powierzchni\u0119 sk\u00f3ry, zapewni jej g\u0142adko\u015b\u0107 i mi\u0119kko\u015b\u0107. Dla cery bardziej wra\u017cliwej polecamy <\/span><strong><a href=\"https:\/\/estyl.pl\/gentle-buffing-cream-delikatny-krem-peelingujacy-75ml\">krem peelinguj\u0105cy Caudalie<\/a><\/strong><span style=\"font-weight: 400;\">, kt\u00f3ry r\u00f3wnie\u017c stymuluje odnow\u0119 kom\u00f3rek i roz\u015bwietla cer\u0119. Je\u015bli jednak zale\u017cy Ci na mocniejszym z\u0142uszczeniu twarzy wybierz si\u0119 do salonu kosmetycznego, w kt\u00f3rym zostanie wykonany peeling chemiczny przy u\u017cyciu mocniejszych substancji, takich jak kwasy. Regularne z\u0142uszczanie sk\u00f3ry prowadzi do powstawania nowych kom\u00f3rek, kt\u00f3re w konsekwencji rozja\u015bniaj\u0105 twarz.<\/span><\/p>\n<p style=\"padding-left: 90px;\"><img decoding=\"async\" loading=\"lazy\" class=\"aligncenter wp-image-35828 size-full\" title=\"kobieta myje twarz. Jak roz\u015bwietli\u0107 twarz?\" src=\"https:\/\/estyl.pl\/blog\/wp-content\/uploads\/2020\/01\/kobieta-myje-twarz.jpg\" alt=\"kobieta myje twarz. Jak roz\u015bwietli\u0107 twarz?\" width=\"600\" height=\"400\" srcset=\"https:\/\/estyl.pl\/blog\/wp-content\/uploads\/2020\/01\/kobieta-myje-twarz.jpg 600w, https:\/\/estyl.pl\/blog\/wp-content\/uploads\/2020\/01\/kobieta-myje-twarz-300x200.jpg 300w, https:\/\/estyl.pl\/blog\/wp-content\/uploads\/2020\/01\/kobieta-myje-twarz-580x387.jpg 580w, https:\/\/estyl.pl\/blog\/wp-content\/uploads\/2020\/01\/kobieta-myje-twarz-261x174.jpg 261w, https:\/\/estyl.pl\/blog\/wp-content\/uploads\/2020\/01\/kobieta-myje-twarz-212x140.jpg 212w\" sizes=\"(max-width: 600px) 100vw, 600px\" \/><\/p>\n<p style=\"text-align: center;\"><span style=\"color: #999999;\">\u0179r\u00f3d\u0142o:\u00a0media.30seconds.com\/<\/span><\/p>\n<p><b><b>3. Retinoidy<\/b><\/b><\/p>\n<p><span style=\"font-weight: 400;\">Roz\u015bwietlenie twarzy zwi\u0105zane jest z jej wyr\u00f3wnaniem. Mowa tu zar\u00f3wno o kolorycie, jak i powierzchni cery. St\u0105d te\u017c wa\u017cne jest stosowanie peeling\u00f3w. <strong>Retinol\u00a0 to pochodna witaminy A. Komponent ten stosowany jest samodzielnie lub jako sk\u0142adnik wielu kosmetyk\u00f3w , kt\u00f3ry ma dzia\u0142anie wyr\u00f3wnuj\u0105ce koloryt sk\u00f3ry, wyg\u0142adzaj\u0105ce zmarszczki i przeciwdzia\u0142aj\u0105ce starzeniu si\u0119 sk\u00f3ry.<\/strong> Jest to jeden ze sk\u0142adnik\u00f3w, kt\u00f3ry systematycznie stosowany wp\u0142ynie na roz\u015bwietlenie twarzy. Wybieraj wi\u0119c kosmetyki zawieraj\u0105ce w swoim sk\u0142adzie retinol. Polecamy <\/span><strong><a href=\"https:\/\/estyl.pl\/overnight-retinol-repair-kuracja-przeciwstarzeniowa-30ml\">kuracj\u0119 przeciwstarzeniow\u0105 Dermalogica<\/a><\/strong><span style=\"font-weight: 400;\">, kt\u00f3ra nawil\u017ca sk\u00f3r\u0119, przywracaj\u0105c jej j\u0119drno\u015b\u0107 i spr\u0119\u017cysto\u015b\u0107.<\/span><\/p>\n<p><b><b>4. Witamina C<\/b><\/b><\/p>\n<p><span style=\"font-weight: 400;\">Rozja\u015bnienie twarzy to r\u00f3wnie\u017c poprawa jej kolorytu. <strong>Tu w g\u0142\u00f3wnej mierze odpowiedzialno\u015b\u0107 bierze witamina C, zwana inaczej kwasem askorbinowym. Jest to z\u0142oty \u015brodek w rozja\u015bnianiu cery oraz walki z nier\u00f3wnomiern\u0105 pigmentacj\u0105.<\/strong> Si\u0119gnij po kosmetyki zawieraj\u0105ce witamin\u0119 C jak na przyk\u0142ad <\/span><strong><a href=\"https:\/\/estyl.pl\/endocare-tensage-serum-ujedrniajaco-regenerujace\">serum do twarzy Endocare<\/a><\/strong><span style=\"font-weight: 400;\">. Produkt ten doskonale napina sk\u00f3r\u0119, wyg\u0142adza zmarszczki, redukuje przebarwienia i dodaje sk\u00f3rze blasku.\u00a0<\/span><\/p>\n<p><b><b>5. Witamina B3<\/b><\/b><\/p>\n<p><span style=\"font-weight: 400;\">Inaczej znana pod nazw\u0105 Niacynamid w kosmetykach stosowana jest do usuwania przebarwie\u0144 oraz niwelowania oznak starzenia si\u0119 sk\u00f3ry. Dodatkowo wspomaga walk\u0119 z tr\u0105dzikiem i redukuje powstawanie zmarszczek. <strong>Wa\u017cn\u0105 cech\u0105\u00a0 witaminy B3 jest fakt, \u017ce utrzymuje nawil\u017cenie sk\u00f3ry poprzez popraw\u0119 jej funkcji barierowych.<\/strong>Wp\u0142ywa ona zatem korzystnie na rozja\u015bnienie twarzy utrzymuj\u0105c cer\u0119 w dobrej kondycji. Sk\u0142adnik ten znale\u017a\u0107 mo\u017cna w <\/span><strong><a href=\"https:\/\/estyl.pl\/vitalizing-lotion-odswiezajacy-tonik-do-twarzy-200ml\">od\u015bwie\u017caj\u0105cym toniku do twarzy Vitacreme<\/a><\/strong><span style=\"font-weight: 400;\">. Dzi\u0119ki odpowiedniemu pH nie podra\u017cnia cery, a zawarte w nim substancje redukuj\u0105ce przebarwienia, pobudzaj\u0105 mikrocyrkulacj\u0119 krwi, napinaj\u0105 sk\u00f3r\u0119 i dzia\u0142aj\u0105 od\u015bwie\u017caj\u0105co.<\/span><\/p>\n<p><b><b>6. Filtr przeciws\u0142oneczny<\/b><\/b><\/p>\n<p><span style=\"font-weight: 400;\">Wp\u0142yw dzia\u0142ania promieniowania s\u0142onecznego na sk\u00f3r\u0119 jest szeroko opisywany. <strong>Tak jak wiele nam daje &#8211; witamin\u0119 D3, tak r\u00f3wnie\u017c wiele zabiera gdy nara\u017camy sk\u00f3r\u0119 na promieniowanie bez odpowiedniego zabezpieczenia. Poparzenia, przebarwienia, sucho\u015b\u0107 to tylko ziarenka w\u015br\u00f3d wszystkich szk\u00f3d, kt\u00f3re mo\u017ce wyrz\u0105dzi\u0107 nadmierna ekspozycja na s\u0142o\u0144ce.<\/strong> Stosowanie <\/span><strong><a href=\"https:\/\/estyl.pl\/blog\/2019\/07\/jaki-krem-przeciwsloneczny-wybrac\/\">filtr\u00f3w przeciws\u0142onecznych<\/a><\/strong><span style=\"font-weight: 400;\"> powinno by\u0107 norm\u0105, tak jak stosowanie kremu na twarz. <\/span><strong><a href=\"https:\/\/estyl.pl\/pure-light-spf-50-krem-rozswietlajacy-50ml\">Krem roz\u015bwietlaj\u0105cy do twarzy Dermalogica<\/a><\/strong><span style=\"font-weight: 400;\"> zawiera filtr 50, dzi\u0119ki czemu zapewnia sk\u00f3rze ochron\u0119 przed promieniowaniem w ci\u0105gu ca\u0142ego dnia. Nawet je\u015bli nie jeste\u015b na wakacjach. Spokojnie kremy z filtrem mo\u017cna stosowa\u0107 pod makija\u017c. Tak niewiele wystarczy, aby zadba\u0107 o zdrow\u0105 sk\u00f3r\u0119 twarzy, a w konsekwencji rozja\u015bnienie twarzy.\u00a0<\/span><\/p>\n<p><b><b>7. Kolagen<\/b><\/b><\/p>\n<p>To sk\u0142adnik, kt\u00f3ry ma ogromny wp\u0142yw na nasz\u0105 sk\u00f3r\u0119. <strong>Kolagen to bia\u0142ko, kt\u00f3re znajduje si\u0119 w naszym organizmie. Odpowiada za przeciwdzia\u0142anie starzeniu si\u0119 sk\u00f3ry, ale r\u00f3wnie\u017c wp\u0142ywa na jej j\u0119drno\u015b\u0107 i elastyczno\u015b\u0107. To dzi\u0119ki niemu sk\u00f3ra jest napi\u0119ta, bardziej spr\u0119\u017cysta, a w konsekwencji roz\u015bwietlona.<\/strong> Mniej zmarszczek, \u015bwietlista sk\u00f3ra &#8211; czego chcie\u0107 wi\u0119cej. Zatem, jak roz\u015bwietli\u0107 twarz przy u\u017cyciu kolagenu? Si\u0119gaj po kosmetyki, kt\u00f3re zawieraj\u0105 ten sk\u0142adnik\u00a0 w swoim sk\u0142adzie. Kolagen mo\u017cesz zwi\u0119kszy\u0107 poprzez stosowanie w swojej diecie kwas\u00f3w t\u0142uszczowych. S\u0105 one bowiem odpowiedzialne za zwi\u0119kszenie produkcji kolagenu. Kwasy t\u0142uszczowe to sk\u0142adniki, o kt\u00f3rych nie mo\u017cesz zapomina\u0107 komponuj\u0105c posi\u0142ki. Znajdziesz je mi\u0119dzy innymi w rybach, orzechach w\u0142oskich czy nasionach lnu.<\/p>\n<p style=\"padding-left: 90px;\"><img decoding=\"async\" loading=\"lazy\" class=\"aligncenter wp-image-35829 size-full\" title=\"Roz\u015bwietlenie twarzy - porady\" src=\"https:\/\/estyl.pl\/blog\/wp-content\/uploads\/2020\/01\/rozswietlenie2.jpg\" alt=\"Roz\u015bwietlenie twarzy - porady\" width=\"600\" height=\"356\" srcset=\"https:\/\/estyl.pl\/blog\/wp-content\/uploads\/2020\/01\/rozswietlenie2.jpg 600w, https:\/\/estyl.pl\/blog\/wp-content\/uploads\/2020\/01\/rozswietlenie2-300x178.jpg 300w, https:\/\/estyl.pl\/blog\/wp-content\/uploads\/2020\/01\/rozswietlenie2-580x344.jpg 580w, https:\/\/estyl.pl\/blog\/wp-content\/uploads\/2020\/01\/rozswietlenie2-261x155.jpg 261w\" sizes=\"(max-width: 600px) 100vw, 600px\" \/><\/p>\n<p style=\"text-align: center;\"><span style=\"color: #999999;\">\u0179r\u00f3d\u0142o: pinterest.com<\/span><\/p>\n<p><b><b>8. Krem nawil\u017caj\u0105cy<\/b><\/b><\/p>\n<p><span style=\"font-weight: 400;\">Stosowanie na co dzie\u0144 krem\u00f3w odpowiednio dobranych do potrzeb cery to podstawa prawid\u0142owej piel\u0119gnacji.<strong> Sk\u00f3ra, kt\u00f3rej brak nawil\u017cenia staje si\u0119 szorstka, matowa i ma tendencj\u0119 do zwi\u0119kszonej ilo\u015bci powstawania zmarszczek.<\/strong> Kremy do twarzy stosuj systematycznie rano i wieczorem. Mo\u017cesz si\u0119gn\u0105\u0107 po <\/span><strong><a href=\"https:\/\/estyl.pl\/vinoperfect-skoncentrowana-esencja-dodajaca-blasku-150ml-6000\">esencj\u0119 do twarzy o dzia\u0142aniu nawil\u017caj\u0105co-roz\u015bwietlaj\u0105cym Caudalie<\/a><\/strong><span style=\"font-weight: 400;\">. Doskona\u0142\u0105 alternatyw\u0105 jest <\/span><strong><a href=\"https:\/\/estyl.pl\/power-bright-trx-zestaw-rozjasniajacy-skore\">zestaw Dermalogica<\/a><\/strong><span style=\"font-weight: 400;\">, kt\u00f3ry zawiera w swoim sk\u0142adzie peptydy, witamin\u0119 C, olejki i wiele innych sk\u0142adnik\u00f3w odpowiedzialnych za nawil\u017cenie, od\u017cywienie i blask sk\u00f3ry.\u00a0<\/span><\/p>\n<p><b><b>9. Si\u0119gaj po kosmetyki roz\u015bwietlaj\u0105ce<\/b><\/b><\/p>\n<p><span style=\"font-weight: 400;\">Rynek kosmetyczny oferuje wiele kosmetyk\u00f3w o dzia\u0142aniu roz\u015bwietlaj\u0105cym. Jak roz\u015bwietli\u0107 twarz? Si\u0119gaj po <\/span><strong><a href=\"https:\/\/estyl.pl\/blog\/2019\/12\/jak-stosowac-serum-do-twarzy-praktyczne-porady\/\">serum do twarzy<\/a><\/strong><span style=\"font-weight: 400;\">, czy maski, kt\u00f3rych zadaniem jest od\u017cywi\u0107 sk\u00f3r\u0119 i doda\u0107 jej blasku. W naszej ofercie znale\u017a\u0107 mo\u017cna <\/span><strong><a href=\"https:\/\/estyl.pl\/serum-bonne-mine-serum-wygladzajace-i-rozswietlajace-skore-30ml\">serum roz\u015bwietlaj\u0105ce do twarzy marki Embryolisse<\/a><\/strong><span style=\"font-weight: 400;\">. Serum to zawiera mi\u0119dzy innymi kwas hialuronowy, gliceryn\u0119 ro\u015blinn\u0105, ekstrakt z cytryny i wyci\u0105g z oczaru wirginijskiego dzi\u0119ki czemu posiada silne w\u0142a\u015bciwo\u015bci upi\u0119kszaj\u0105ce. Sk\u00f3ra po zastosowaniu serum wygl\u0105da \u015bwie\u017co i promiennie.\u00a0<\/span><\/p>\n<p><b><b>10. Prawid\u0142owa dieta &#8211; produkty bogate w przeciwutleniacze<\/b><\/b><\/p>\n<p><span style=\"font-weight: 400;\">Wiele z nas wie, jak wa\u017cne jest prawid\u0142owo od\u017cywianie w celu utrzymania zdrowia. Odpowiednia dieta wp\u0142ywa korzystnie na nasze <a href=\"https:\/\/estyl.pl\/wlosy\" data-internallinksmanager029f6b8e52c=\"2\" title=\"w\u0142osy\">w\u0142osy<\/a>, ale r\u00f3wnie\u017c na stan naszego cia\u0142a i wygl\u0105d sk\u00f3ry. Na naszym blogu znale\u017a\u0107 mo\u017cesz artyku\u0142\u00a0 <\/span><strong><a href=\"https:\/\/estyl.pl\/blog\/2017\/01\/co-lubia-jesc-wlosy\/\">\u201cWp\u0142yw diety na w\u0142osy\u201d<\/a><\/strong><span style=\"font-weight: 400;\">, kt\u00f3ry ukazuje co je\u015b\u0107, aby cieszy\u0107 si\u0119 mocnymi i zdrowymi w\u0142osami. Czy jest spos\u00f3b jak roz\u015bwietli\u0107 twarz przy pomocy diety? <strong>Udowodniono, \u017ce stosowanie w diecie sk\u0142adnik\u00f3w bogatych w przeciwutleniacze wp\u0142ywa korzystnie na jej stan. A w konsekwencji na jej blask.<\/strong> Przeciwutleniacze znale\u017a\u0107 mo\u017cna w takich sk\u0142adnikach jak orzechy, winogrona i jagody. Przeciwutleniacze zwalczaj\u0105 wolne rodniki i chroni\u0105 kom\u00f3rki przed uszkodzeniami. Si\u0119gaj wi\u0119c po te produkty ka\u017cdego dnia, aby zadba\u0107 o roz\u015bwietlenie twarzy.<\/span><\/p>\n<p><b><b>11. Unikaj alkoholu<\/b><\/b><\/p>\n<p>Nie od dzi\u015b wiadomo, \u017ce alkohol wp\u0142ywa niekorzystnie r\u00f3wnie\u017c na sk\u00f3r\u0119. <strong>Zbyt du\u017ce spo\u017cycie alkoholu doprowadza bowiem do odwodnienia organizmu. Odwodniony organizm to sk\u00f3ra przesuszona i matowa.<\/strong> Dodatkowo nadmierne ilo\u015bci alkoholu zwi\u0119kszaj\u0105 przep\u0142yw krwi, doprowadzaj\u0105c tym samym do wyst\u0119powania zaczerwienie\u0144. Unikaj zatem nadmiernych ilo\u015bci trunk\u00f3w i ciesz si\u0119 sk\u00f3r\u0105 pe\u0142n\u0105 blasku.<\/p>\n<p><b><b>12. Jak roz\u015bwietli\u0107 twarz w 3 minuty?<\/b><\/b><\/p>\n<p><span style=\"font-weight: 400;\">Wystarczy spu\u015bci\u0107 g\u0142ow\u0119 w d\u00f3\u0142 na 3 minuty, aby doprowadzi\u0107 do zwi\u0119kszonego przep\u0142ywu krwi. Lekkie zaczerwienienie to znak, \u017ce wszystko jest w porz\u0105dku. <strong>Stosuj ten trik codziennie, a przekonasz si\u0119, jak du\u017cy wp\u0142yw ma on na blask Twojej sk\u00f3ry.\u00a0<\/strong><\/span><\/p>\n<p style=\"padding-left: 90px;\"><img decoding=\"async\" loading=\"lazy\" class=\"aligncenter wp-image-35830 size-full\" title=\"12 sposob\u00f3w jak roz\u015bwietli\u0107 twarz.\" src=\"https:\/\/estyl.pl\/blog\/wp-content\/uploads\/2020\/01\/GettyImages-1135167545-1.jpg\" alt=\"12 sposob\u00f3w jak roz\u015bwietli\u0107 twarz.\" width=\"600\" height=\"400\" srcset=\"https:\/\/estyl.pl\/blog\/wp-content\/uploads\/2020\/01\/GettyImages-1135167545-1.jpg 600w, https:\/\/estyl.pl\/blog\/wp-content\/uploads\/2020\/01\/GettyImages-1135167545-1-300x200.jpg 300w, https:\/\/estyl.pl\/blog\/wp-content\/uploads\/2020\/01\/GettyImages-1135167545-1-580x387.jpg 580w, https:\/\/estyl.pl\/blog\/wp-content\/uploads\/2020\/01\/GettyImages-1135167545-1-261x174.jpg 261w, https:\/\/estyl.pl\/blog\/wp-content\/uploads\/2020\/01\/GettyImages-1135167545-1-212x140.jpg 212w\" sizes=\"(max-width: 600px) 100vw, 600px\" \/><\/p>\n<p><strong>ZOBACZ R\u00d3WNIE\u017b<\/strong>: <a href=\"https:\/\/estyl.pl\/blog\/2020\/07\/idealny-makijaz-na-co-dzien-wedlug-specjalistek-od-makijazu\/\">Idealny makija\u017c na co dzie\u0144 wed\u0142ug specjalistek od makija\u017cu! Zainspiruj si\u0119 i poznaj ich sekretne kosmetyki<\/a><\/p>\n<h2><b>Makija\u017c, niezawodny spos\u00f3b natychmiastowego roz\u015bwietlenia<\/b><\/h2>\n<p><span style=\"font-weight: 400;\">Oczywi\u015bcie stosowanie powy\u017cszych sposob\u00f3w wp\u0142ywa na roz\u015bwietlenie naszej sk\u00f3ry i utrzymanie jej w odpowiedniej kondycji. Jednak, je\u015bli zale\u017cy Ci na roz\u015bwietleniu twarzy w spos\u00f3b natychmiastowy s\u0105 na to sposoby.<strong> Jak roz\u015bwietli\u0107 twarz? Makija\u017c nie tylko pozwala na ukrycie naszych niedoskona\u0142o\u015bci, uwydatnienie kobiecego pi\u0119kna. Daje on r\u00f3wnie\u017c mo\u017cliwo\u015b\u0107 natychmiastowego roz\u015bwietlenia twarzy.<\/strong> W jaki spos\u00f3b?<\/span><\/p>\n<p><span style=\"font-weight: 400;\">Kosmetyki do makija\u017cu przeznaczone do dodania blasku cz\u0119sto maj\u0105 okre\u015blenie \u201cgloss\u201d, \u201cilluminating\u201d itp. Dzi\u0119ki tej informacji na opakowaniu wiemy, \u017ce produkt zapewni nam roz\u015bwietlenie twarzy. <strong>Si\u0119gn\u0105\u0107 zatem mo\u017cesz po takie kosmetyki jak bazy pod makija\u017c, korektory, pudry czy cienie, kt\u00f3ry prawid\u0142owo zaaplikowane dodadz\u0105 blasku ka\u017cdej twarzy.<\/strong><\/span><\/p>\n<h3><b>Jak roz\u015bwietli\u0107 twarz? Trend w\u015br\u00f3d makija\u017cyst\u00f3w<\/b><\/h3>\n<p><span style=\"font-weight: 400;\"><strong>Strobing &#8211; to metoda wykonywania makija\u017cu znana i lubiana nie tylko przez gwiazdy. Od kilku lat wiza\u017cy\u015bci stosuj\u0105 tylko jeden kosmetyk w celu roz\u015bwietlenia twarzy.<\/strong> O metodzie tej pisali\u015bmy ju\u017c na naszym blogu -&gt; <\/span><a href=\"https:\/\/estyl.pl\/blog\/2015\/09\/strobing-najnowszy-trend-w-swiecie-makijazu\/\"><span style=\"font-weight: 400;\">Strobing. Najnowszy trend w \u015bwiecie makija\u017cu.<\/span><\/a> <span style=\"font-weight: 400;\">Zajrzyj do naszego artyku\u0142u lub zapoznaj si\u0119 z filmikiem, kt\u00f3ry pokazuje krok po kroku, jak roz\u015bwietli\u0107 twarz.<\/span><\/p>\n<p><iframe loading=\"lazy\" title=\"* Odkryj strobing make-up. Uchwy\u0107 blask z wybiegu Victoria&#039;s Secret w 10 min*\" width=\"500\" height=\"281\" src=\"https:\/\/www.youtube.com\/embed\/mK8CQKEzbLA?feature=oembed\" frameborder=\"0\" allow=\"accelerometer; autoplay; encrypted-media; gyroscope; picture-in-picture\" allowfullscreen><\/iframe><\/p>\n<p style=\"text-align: center;\"><span style=\"color: #999999;\">\u0179r\u00f3d\u0142o:\u00a0www.youtube.com\/Kinga%20Klepacka%20MakeUp<\/span><\/p>\n<p><span style=\"font-weight: 400;\">Roz\u015bwietlona i promienna sk\u00f3ra twarzy z pewno\u015bci\u0105 sprawi, \u017ce patrz\u0105c w lustro b\u0119dziesz czu\u0142a si\u0119 pi\u0119kna. Zadbaj wi\u0119c o ni\u0105 i wybierz spos\u00f3b na to jak roz\u015bwietli\u0107 twarz, kt\u00f3ry b\u0119dzie dla Ciebie najlepszy.\u00a0<\/span><\/p>\n<h3 style=\"text-align: center;\"><strong>Je\u015bli i Ty masz sw\u00f3j niezawodny spos\u00f3b na roz\u015bwietlenie twarzy podziel si\u0119 nim z nami w komentarzu : )<\/strong><\/h3>\n","protected":false},"excerpt":{"rendered":"<p>Promienna i roz\u015bwietlona twarz to oznaka zdrowej cery. Je\u015bli my\u015blisz, \u017ce tylko dzi\u0119ki kosmetykom kolorowym jeste\u015b w stanie roz\u015bwietli\u0107 cer\u0119, to si\u0119 mylisz. Nawet nie wiesz, jak wiele zale\u017cy od innych czynnik\u00f3w, kt\u00f3re chcemy Ci dzisiaj przedstawi\u0107. Zapomnij o matowej cerze i zobacz, jak roz\u015bwietli\u0107 twarz.<\/p>\n","protected":false},"author":23,"featured_media":35825,"comment_status":"open","ping_status":"closed","sticky":false,"template":"","format":"standard","meta":{"_eb_attr":""},"categories":[2092,2094],"tags":[2690,2088,2461],"acf":[],"yoast_head":"<!-- This site is optimized with the Yoast SEO plugin v20.8 - https:\/\/yoast.com\/wordpress\/plugins\/seo\/ -->\n<title>12 sposob\u00f3w jak roz\u015bwietli\u0107 twarz. Poznaj je wszystkie!<\/title>\n<meta name=\"description\" content=\"Zastanawiasz si\u0119 jak roz\u015bwietli\u0107 twarz bez u\u017cycia kosmetyk\u00f3w kolorowych? Zobacz nasze propozycje i ciesz si\u0119 zdrow\u0105 i promienn\u0105 cer\u0105 ka\u017cdego dnia.\" \/>\n<meta name=\"robots\" content=\"index, follow, max-snippet:-1, max-image-preview:large, max-video-preview:-1\" \/>\n<link rel=\"canonical\" href=\"https:\/\/estyl.pl\/blog\/12-sposobow-jak-rozswietlic-twarz\/\" \/>\n<meta property=\"og:locale\" content=\"pl_PL\" \/>\n<meta property=\"og:type\" content=\"article\" \/>\n<meta property=\"og:title\" content=\"12 sposob\u00f3w jak roz\u015bwietli\u0107 twarz. Poznaj je wszystkie!\" \/>\n<meta property=\"og:description\" content=\"Zastanawiasz si\u0119 jak roz\u015bwietli\u0107 twarz bez u\u017cycia kosmetyk\u00f3w kolorowych? Zobacz nasze propozycje i ciesz si\u0119 zdrow\u0105 i promienn\u0105 cer\u0105 ka\u017cdego dnia.\" \/>\n<meta property=\"og:url\" content=\"https:\/\/estyl.pl\/blog\/12-sposobow-jak-rozswietlic-twarz\/\" \/>\n<meta property=\"og:site_name\" content=\"Blog | Estyl.pl\" \/>\n<meta property=\"article:author\" content=\"kdrogowskakwasnik\" \/>\n<meta property=\"article:published_time\" content=\"2020-01-14T06:34:11+00:00\" \/>\n<meta property=\"article:modified_time\" content=\"2020-07-22T08:02:28+00:00\" \/>\n<meta property=\"og:image\" content=\"https:\/\/estyl.pl\/blog\/wp-content\/uploads\/2020\/01\/rozswietlenie.jpg\" \/>\n\t<meta property=\"og:image:width\" content=\"755\" \/>\n\t<meta property=\"og:image:height\" content=\"315\" \/>\n\t<meta property=\"og:image:type\" content=\"image\/jpeg\" \/>\n<meta name=\"author\" content=\"Karolina\" \/>\n<meta name=\"twitter:label1\" content=\"Napisane przez\" \/>\n\t<meta name=\"twitter:data1\" content=\"Karolina\" \/>\n\t<meta name=\"twitter:label2\" content=\"Szacowany czas czytania\" \/>\n\t<meta name=\"twitter:data2\" content=\"9 minut\" \/>\n<script type=\"application\/ld+json\" class=\"yoast-schema-graph\">{\"@context\":\"https:\/\/schema.org\",\"@graph\":[{\"@type\":\"WebPage\",\"@id\":\"https:\/\/estyl.pl\/blog\/12-sposobow-jak-rozswietlic-twarz\/\",\"url\":\"https:\/\/estyl.pl\/blog\/12-sposobow-jak-rozswietlic-twarz\/\",\"name\":\"12 sposob\u00f3w jak roz\u015bwietli\u0107 twarz. Poznaj je wszystkie!\",\"isPartOf\":{\"@id\":\"https:\/\/estyl.pl\/blog\/#website\"},\"datePublished\":\"2020-01-14T06:34:11+00:00\",\"dateModified\":\"2020-07-22T08:02:28+00:00\",\"author\":{\"@id\":\"https:\/\/estyl.pl\/blog\/#\/schema\/person\/debe1fb907542b5dc82bccc2029e474f\"},\"description\":\"Zastanawiasz si\u0119 jak roz\u015bwietli\u0107 twarz bez u\u017cycia kosmetyk\u00f3w kolorowych? Zobacz nasze propozycje i ciesz si\u0119 zdrow\u0105 i promienn\u0105 cer\u0105 ka\u017cdego dnia.\",\"breadcrumb\":{\"@id\":\"https:\/\/estyl.pl\/blog\/12-sposobow-jak-rozswietlic-twarz\/#breadcrumb\"},\"inLanguage\":\"pl-PL\",\"potentialAction\":[{\"@type\":\"ReadAction\",\"target\":[\"https:\/\/estyl.pl\/blog\/12-sposobow-jak-rozswietlic-twarz\/\"]}]},{\"@type\":\"BreadcrumbList\",\"@id\":\"https:\/\/estyl.pl\/blog\/12-sposobow-jak-rozswietlic-twarz\/#breadcrumb\",\"itemListElement\":[{\"@type\":\"ListItem\",\"position\":1,\"name\":\"Makija\u017c\",\"item\":\"https:\/\/estyl.pl\/blog\/makijaz\/\"},{\"@type\":\"ListItem\",\"position\":2,\"name\":\"12 sposob\u00f3w jak roz\u015bwietli\u0107 twarz. Poznaj je wszystkie!\"}]},{\"@type\":\"WebSite\",\"@id\":\"https:\/\/estyl.pl\/blog\/#website\",\"url\":\"https:\/\/estyl.pl\/blog\/\",\"name\":\"Blog | Estyl.pl\",\"description\":\"Kosmetyki do w\u0142os\u00f3w, porady, piel\u0119gnacja, stylizacja\",\"potentialAction\":[{\"@type\":\"SearchAction\",\"target\":{\"@type\":\"EntryPoint\",\"urlTemplate\":\"https:\/\/estyl.pl\/blog\/?s={search_term_string}\"},\"query-input\":\"required name=search_term_string\"}],\"inLanguage\":\"pl-PL\"},{\"@type\":\"Person\",\"@id\":\"https:\/\/estyl.pl\/blog\/#\/schema\/person\/debe1fb907542b5dc82bccc2029e474f\",\"name\":\"Karolina\",\"description\":\"Absolwentka kosmetologii i dietetyki na \u015al\u0105skiej Wy\u017cszej Szkole Medycznej w Katowicach. Ze sklepem Estyl.pl zwi\u0105zana od wielu lat. Wiedz\u0119 na temat produkt\u00f3w zebra\u0142a pracuj\u0105c w sklepie stacjonanym w Katowicach. Aktualnie pracuje jako copywriter, co daje jej du\u017co satysfakcji. Uwielbia testowa\u0107 nowe kosmetyki.\",\"sameAs\":[\"kdrogowskakwasnik\"],\"url\":\"https:\/\/estyl.pl\/blog\/author\/k-mistalsiekiera\/\"}]}<\/script>\n<!-- \/ Yoast SEO plugin. -->","yoast_head_json":{"title":"12 sposob\u00f3w jak roz\u015bwietli\u0107 twarz. Poznaj je wszystkie!","description":"Zastanawiasz si\u0119 jak roz\u015bwietli\u0107 twarz bez u\u017cycia kosmetyk\u00f3w kolorowych? Zobacz nasze propozycje i ciesz si\u0119 zdrow\u0105 i promienn\u0105 cer\u0105 ka\u017cdego dnia.","robots":{"index":"index","follow":"follow","max-snippet":"max-snippet:-1","max-image-preview":"max-image-preview:large","max-video-preview":"max-video-preview:-1"},"canonical":"https:\/\/estyl.pl\/blog\/12-sposobow-jak-rozswietlic-twarz\/","og_locale":"pl_PL","og_type":"article","og_title":"12 sposob\u00f3w jak roz\u015bwietli\u0107 twarz. Poznaj je wszystkie!","og_description":"Zastanawiasz si\u0119 jak roz\u015bwietli\u0107 twarz bez u\u017cycia kosmetyk\u00f3w kolorowych? Zobacz nasze propozycje i ciesz si\u0119 zdrow\u0105 i promienn\u0105 cer\u0105 ka\u017cdego dnia.","og_url":"https:\/\/estyl.pl\/blog\/12-sposobow-jak-rozswietlic-twarz\/","og_site_name":"Blog | Estyl.pl","article_author":"kdrogowskakwasnik","article_published_time":"2020-01-14T06:34:11+00:00","article_modified_time":"2020-07-22T08:02:28+00:00","og_image":[{"width":755,"height":315,"url":"https:\/\/estyl.pl\/blog\/wp-content\/uploads\/2020\/01\/rozswietlenie.jpg","type":"image\/jpeg"}],"author":"Karolina","twitter_misc":{"Napisane przez":"Karolina","Szacowany czas czytania":"9 minut"},"schema":{"@context":"https:\/\/schema.org","@graph":[{"@type":"WebPage","@id":"https:\/\/estyl.pl\/blog\/12-sposobow-jak-rozswietlic-twarz\/","url":"https:\/\/estyl.pl\/blog\/12-sposobow-jak-rozswietlic-twarz\/","name":"12 sposob\u00f3w jak roz\u015bwietli\u0107 twarz. Poznaj je wszystkie!","isPartOf":{"@id":"https:\/\/estyl.pl\/blog\/#website"},"datePublished":"2020-01-14T06:34:11+00:00","dateModified":"2020-07-22T08:02:28+00:00","author":{"@id":"https:\/\/estyl.pl\/blog\/#\/schema\/person\/debe1fb907542b5dc82bccc2029e474f"},"description":"Zastanawiasz si\u0119 jak roz\u015bwietli\u0107 twarz bez u\u017cycia kosmetyk\u00f3w kolorowych? Zobacz nasze propozycje i ciesz si\u0119 zdrow\u0105 i promienn\u0105 cer\u0105 ka\u017cdego dnia.","breadcrumb":{"@id":"https:\/\/estyl.pl\/blog\/12-sposobow-jak-rozswietlic-twarz\/#breadcrumb"},"inLanguage":"pl-PL","potentialAction":[{"@type":"ReadAction","target":["https:\/\/estyl.pl\/blog\/12-sposobow-jak-rozswietlic-twarz\/"]}]},{"@type":"BreadcrumbList","@id":"https:\/\/estyl.pl\/blog\/12-sposobow-jak-rozswietlic-twarz\/#breadcrumb","itemListElement":[{"@type":"ListItem","position":1,"name":"Makija\u017c","item":"https:\/\/estyl.pl\/blog\/makijaz\/"},{"@type":"ListItem","position":2,"name":"12 sposob\u00f3w jak roz\u015bwietli\u0107 twarz. Poznaj je wszystkie!"}]},{"@type":"WebSite","@id":"https:\/\/estyl.pl\/blog\/#website","url":"https:\/\/estyl.pl\/blog\/","name":"Blog | Estyl.pl","description":"Kosmetyki do w\u0142os\u00f3w, porady, piel\u0119gnacja, stylizacja","potentialAction":[{"@type":"SearchAction","target":{"@type":"EntryPoint","urlTemplate":"https:\/\/estyl.pl\/blog\/?s={search_term_string}"},"query-input":"required name=search_term_string"}],"inLanguage":"pl-PL"},{"@type":"Person","@id":"https:\/\/estyl.pl\/blog\/#\/schema\/person\/debe1fb907542b5dc82bccc2029e474f","name":"Karolina","description":"Absolwentka kosmetologii i dietetyki na \u015al\u0105skiej Wy\u017cszej Szkole Medycznej w Katowicach. Ze sklepem Estyl.pl zwi\u0105zana od wielu lat. Wiedz\u0119 na temat produkt\u00f3w zebra\u0142a pracuj\u0105c w sklepie stacjonanym w Katowicach. Aktualnie pracuje jako copywriter, co daje jej du\u017co satysfakcji. Uwielbia testowa\u0107 nowe kosmetyki.","sameAs":["kdrogowskakwasnik"],"url":"https:\/\/estyl.pl\/blog\/author\/k-mistalsiekiera\/"}]}},"_links":{"self":[{"href":"https:\/\/estyl.pl\/blog\/wp-json\/wp\/v2\/posts\/35793"}],"collection":[{"href":"https:\/\/estyl.pl\/blog\/wp-json\/wp\/v2\/posts"}],"about":[{"href":"https:\/\/estyl.pl\/blog\/wp-json\/wp\/v2\/types\/post"}],"author":[{"embeddable":true,"href":"https:\/\/estyl.pl\/blog\/wp-json\/wp\/v2\/users\/23"}],"replies":[{"embeddable":true,"href":"https:\/\/estyl.pl\/blog\/wp-json\/wp\/v2\/comments?post=35793"}],"version-history":[{"count":10,"href":"https:\/\/estyl.pl\/blog\/wp-json\/wp\/v2\/posts\/35793\/revisions"}],"predecessor-version":[{"id":36689,"href":"https:\/\/estyl.pl\/blog\/wp-json\/wp\/v2\/posts\/35793\/revisions\/36689"}],"wp:featuredmedia":[{"embeddable":true,"href":"https:\/\/estyl.pl\/blog\/wp-json\/wp\/v2\/media\/35825"}],"wp:attachment":[{"href":"https:\/\/estyl.pl\/blog\/wp-json\/wp\/v2\/media?parent=35793"}],"wp:term":[{"taxonomy":"category","embeddable":true,"href":"https:\/\/estyl.pl\/blog\/wp-json\/wp\/v2\/categories?post=35793"},{"taxonomy":"post_tag","embeddable":true,"href":"https:\/\/estyl.pl\/blog\/wp-json\/wp\/v2\/tags?post=35793"}],"curies":[{"name":"wp","href":"https:\/\/api.w.org\/{rel}","templated":true}]}}