{"id":36633,"date":"2020-07-22T11:20:15","date_gmt":"2020-07-22T09:20:15","guid":{"rendered":"https:\/\/estyl.pl\/blog\/?p=36633"},"modified":"2020-08-24T11:14:49","modified_gmt":"2020-08-24T09:14:49","slug":"koloryzacja-ton-w-ton-z-wella-color-touch","status":"publish","type":"post","link":"https:\/\/estyl.pl\/blog\/koloryzacja-ton-w-ton-z-wella-color-touch\/","title":{"rendered":"Koloryzacja ton w ton z Wella Color Touch"},"content":{"rendered":"<p>Twoje <a href=\"https:\/\/estyl.pl\/wlosy\" data-internallinksmanager029f6b8e52c=\"2\" title=\"w\u0142osy\">w\u0142osy<\/a> potrzebuj\u0105 od\u015bwie\u017cenia, a wizyta w salonie fryzjerskim dopiero za jaki\u015b czas? Nie martw si\u0119, mamy na to rozwi\u0105zanie! Koloryzacja ton w ton to doskona\u0142e rozwi\u0105zanie dla wszystkich, kt\u00f3rym zale\u017cy na od\u015bwie\u017ceniu koloru w\u0142os\u00f3w. W tym celu mo\u017cna si\u0119gn\u0105\u0107 po kilka produkt\u00f3w. Dzisiaj przyjrzymy si\u0119, w jaki spos\u00f3b mo\u017cna w tym celu wykorzysta\u0107 farby do w\u0142os\u00f3w Wella Color Touch &#8211; nowo\u015b\u0107, kt\u00f3ra znalaz\u0142a swoje miejsce na naszych wirtualnych i stacjonarnych p\u00f3\u0142kach. Zaczynamy? Zapraszam do artyku\u0142u.<!--more--><\/p>\n<h2><a href=\"https:\/\/estyl.pl\/blog\/wp-content\/uploads\/2020\/07\/t\u0142o.jpg\" target=\"_blank\" rel=\"noopener noreferrer\" rel=\"lightbox[36633]\"><img decoding=\"async\" loading=\"lazy\" class=\"aligncenter wp-image-36654 size-full\" title=\"Koloryzacja ton w ton z Wella Color Touch\" src=\"https:\/\/estyl.pl\/blog\/wp-content\/uploads\/2020\/07\/t\u0142o.jpg\" alt=\"Koloryzacja ton w ton z Wella Color Touch\" width=\"755\" height=\"315\" srcset=\"https:\/\/estyl.pl\/blog\/wp-content\/uploads\/2020\/07\/t\u0142o.jpg 755w, https:\/\/estyl.pl\/blog\/wp-content\/uploads\/2020\/07\/t\u0142o-300x125.jpg 300w, https:\/\/estyl.pl\/blog\/wp-content\/uploads\/2020\/07\/t\u0142o-580x242.jpg 580w, https:\/\/estyl.pl\/blog\/wp-content\/uploads\/2020\/07\/t\u0142o-261x109.jpg 261w\" sizes=\"(max-width: 755px) 100vw, 755px\" \/><\/a><\/h2>\n<h2><span style=\"font-weight: 400;\">Koloryzacja ton w ton co oznacza?<\/span><\/h2>\n<p><span style=\"font-weight: 400;\">Koloryzacja ton w ton to nic innego jak zmiana lub od\u015bwie\u017cenie odcienia w\u0142os\u00f3w. Tak dok\u0142adniej mo\u017cna powiedzie\u0107, \u017ce ton w ton to p\u00f3\u0142trwa\u0142a koloryzacja w\u0142os\u00f3w, kt\u00f3ra utrzymuje si\u0119 przez kr\u00f3tszy okres czasu. Ten typ farbowania w\u0142os\u00f3w pozwala na unikni\u0119cie odrost\u00f3w, poniewa\u017c farba ulega r\u00f3wnomiernemu zmyciu w trakcie codziennej piel\u0119gnacji kosmyk\u00f3w. W celu wykonania koloryzacji ton w ton mo\u017cna wykorzysta\u0107 nie tylko <a href=\"https:\/\/estyl.pl\/wlosy\/koloryzacja\/koloryzacja-semipermanentna\">tonery<\/a>, czy od\u017cywki do w\u0142os\u00f3w, o kt\u00f3rych pisali\u015bmy w <a href=\"https:\/\/estyl.pl\/blog\/2019\/09\/tonowanie-wlosow-co-to-jest-i-jakie-sa-rodzaje\/\">poprzednich artyku\u0142ach<\/a>, ale r\u00f3wnie\u017c farby do w\u0142os\u00f3w. Jakich? Na przyk\u0142ad doskonale sprawdzi si\u0119 farba bez amoniaku <a href=\"https:\/\/estyl.pl\/marka\/wella\/color-touch\">Wella Color Touch<\/a>. Ale o tym za chwilk\u0119.<\/span><\/p>\n<h3><span style=\"font-weight: 400;\">Czym wyr\u00f3\u017cnia si\u0119 koloryzacja ton w ton ?\u00a0\u00a0<\/span><\/h3>\n<p><span style=\"font-weight: 400;\"><strong>Koloryzacja ton w ton nie tylko pozwala na od\u015bwie\u017cenie koloru w\u0142os\u00f3w, ale r\u00f3wnie\u017c na dodanie im blasku i podbicie g\u0142\u0119bi koloru. <\/strong>Dodatkowo farbowanie t\u0105 metod\u0105 pozwala na uzyskanie naturalnego efektu na 4-5 tygodni, kt\u00f3ra r\u00f3wnomiernie si\u0119 wyp\u0142ukuje, nie pozostawiaj\u0105c nieestetycznych plam czy niechcianego odcienia w\u0142os\u00f3w. W przypadku koloryzacji ton w ton mo\u017cna cz\u0119sto zmienia\u0107 odcienie w\u0142os\u00f3w, je\u015bli mamy na to ochot\u0119, nie boj\u0105c si\u0119 o kondycj\u0119 kosmyk\u00f3w. <strong>W\u0142osy s\u0105 pe\u0142ne blasku i mi\u0119kkie.\u00a0<\/strong><\/span><\/p>\n<p><img decoding=\"async\" loading=\"lazy\" class=\"aligncenter wp-image-36662 size-large\" title=\"Koloryzacja ton w ton z Wella Color Touch\" src=\"https:\/\/estyl.pl\/blog\/wp-content\/uploads\/2020\/07\/wella-professionel-color-touch-horz-580x222.jpg\" alt=\"Koloryzacja ton w ton z Wella Color Touch\" width=\"580\" height=\"222\" srcset=\"https:\/\/estyl.pl\/blog\/wp-content\/uploads\/2020\/07\/wella-professionel-color-touch-horz-580x222.jpg 580w, https:\/\/estyl.pl\/blog\/wp-content\/uploads\/2020\/07\/wella-professionel-color-touch-horz-300x115.jpg 300w, https:\/\/estyl.pl\/blog\/wp-content\/uploads\/2020\/07\/wella-professionel-color-touch-horz-768x295.jpg 768w, https:\/\/estyl.pl\/blog\/wp-content\/uploads\/2020\/07\/wella-professionel-color-touch-horz-1536x589.jpg 1536w, https:\/\/estyl.pl\/blog\/wp-content\/uploads\/2020\/07\/wella-professionel-color-touch-horz-2048x786.jpg 2048w, https:\/\/estyl.pl\/blog\/wp-content\/uploads\/2020\/07\/wella-professionel-color-touch-horz-755x290.jpg 755w, https:\/\/estyl.pl\/blog\/wp-content\/uploads\/2020\/07\/wella-professionel-color-touch-horz-261x100.jpg 261w\" sizes=\"(max-width: 580px) 100vw, 580px\" \/><\/p>\n<h2><strong><span style=\"color: #003366;\">Koloryzacja ton w ton z Wella Color Touch?<\/span><\/strong><\/h2>\n<p><span style=\"font-weight: 400;\">Farby do w\u0142os\u00f3w <a href=\"https:\/\/estyl.pl\/marka\/wella\/color-touch\">Wella Color Touch<\/a> idealnie nadadz\u0105 si\u0119 do od\u015bwie\u017cenia koloru w\u0142os\u00f3w w\u0142a\u015bnie metod\u0105 ton w ton. Od\u015bwie\u017cenie w\u0142os\u00f3w za pomoc\u0105 farb do w\u0142os\u00f3w bez amoniaku Wella Color Touch pozwala na uzyskanie naturalnego odcienia w\u0142os\u00f3w, ale przy ich pomocy wykonamy r\u00f3wnie\u017c bardziej szalone koloryzacje. Kolor w\u0142os\u00f3w o jakim tylko marzysz? Oczywi\u015bcie!<\/span><\/p>\n<h3><span style=\"color: #003366;\">Co warto wiedzie\u0107 o produktach Wella Color Touch?\u00a0<\/span><\/h3>\n<p><span style=\"font-weight: 400;\">Wella Color Touch to delikatna kremowa farba do w\u0142os\u00f3w przeznaczona do koloryzacji demi-permanentnej (inaczej zwanej ton w ton). <strong>Farba ta nie posiada amoniaku, a w swoim sk\u0142adzie zawiera keratyn\u0119<\/strong>, dzi\u0119ki czemu koloryzacja tymi produktami jest \u0142agodna dla wszystkich rodzaj\u00f3w w\u0142os\u00f3w, nawet tych wra\u017cliwych. <strong>Formu\u0142a farby Color Touch zawiera kompleks <\/strong><\/span><strong><i>Light2 <\/i><i>Color<\/i><\/strong><span style=\"font-weight: 400;\"><strong>, kt\u00f3ry odbija \u015bwiat\u0142o, pozostawiaj\u0105c kosmyki pe\u0142ne blasku.\u00a0<\/strong> Farba do w\u0142os\u00f3w Wella Color Touch pozwala na szybk\u0105 zmian\u0119 koloru w\u0142os\u00f3w, kt\u00f3rych odcie\u0144 jest zawsze g\u0142\u0119boki i wielowymiarowy. Szeroka paleta kolorystyczna umo\u017cliwia uzyskanie ka\u017cdego koloru w\u0142os\u00f3w &#8211; od naturalnych br\u0105z\u00f3w czy be\u017c\u00f3w, poprzez blondy i modne w tym sezonie szaro\u015bci, popiele, srebra, ko\u0144cz\u0105c na letnich pastelowych barwach.<\/span><\/p>\n<p><span style=\"font-weight: 400;\">Kolor utrzymuje si\u0119 do 24 my\u0107, a wi\u0119c jest idealny na letnie, wakacyjne wyjazdy, ale r\u00f3wnie\u017c dla modyfikacji naturalnego czy aktualnego koloru w\u0142os\u00f3w. Farby Wella Color Touch pozwalaj\u0105 na pokrycie siwych w\u0142os\u00f3w w 50% (wersja Plus do 70%).\u00a0\u00a0<\/span><\/p>\n<p><iframe loading=\"lazy\" title=\"Fashion Forward Hair Color: Color Touch by Wella Professionals\" width=\"500\" height=\"281\" src=\"https:\/\/www.youtube.com\/embed\/J2AQV-Adwps?feature=oembed\" frameborder=\"0\" allow=\"accelerometer; autoplay; encrypted-media; gyroscope; picture-in-picture\" allowfullscreen><\/iframe><\/p>\n<p style=\"text-align: center;\"><span style=\"color: #999999;\">\u0179r\u00f3d\u0142o: youtube\/wellaprofessional<\/span><\/p>\n<h3><span style=\"color: #003366;\">Rodzaje farb do w\u0142os\u00f3w Wella Color Touch<\/span><\/h3>\n<p><span style=\"font-weight: 400;\">Farba Wella Color Touch s\u0142u\u017c\u0105ca do koloryzacji demi-permanentnej posiada r\u00f3\u017cne rodzaje w zale\u017cno\u015bci od pokrycia siwych w\u0142os\u00f3w, efektu i rodzaju w\u0142os\u00f3w. <strong>Mo\u017cemy wi\u0119c wyr\u00f3\u017cni\u0107:<\/strong><\/span><\/p>\n<ul>\n<li style=\"font-weight: 400;\"><b><i>Color Touch Pure Naturals \/ Rich Naturals \/ Vibrant Reds \/ Deep Browns \/ Special Mix<\/i><\/b><span style=\"font-weight: 400;\"> &#8211;\u00a0 farby zapewniaj\u0105ce intensywne odcienie i pe\u0142n\u0105 blasku koloryzacj\u0119 bez amoniaku. Kremowa konsystencja zawiera naturalne woski, kt\u00f3re pozwalaj\u0105 wydoby\u0107 po\u017c\u0105dany odcie\u0144 w\u0142os\u00f3w pe\u0142en po\u0142ysku. Idealnie sprawdza si\u0119 zar\u00f3wno do wyr\u00f3wnania koloru w\u0142os\u00f3w, jak i jego od\u017cywienia. Mimo, i\u017c nie zawiera amoniaku pozwala na r\u00f3wnomierne pokrycie kolorem w\u0142os\u00f3w, kt\u00f3rych siwizna nie przekracza 50%. Do jej u\u017cycia potrzeba oksydantu, kt\u00f3ry nie jest do\u0142\u0105czony do opakowania.\u00a0<\/span><\/li>\n<\/ul>\n<p><a href=\"https:\/\/estyl.pl\/blog\/wp-content\/uploads\/2020\/07\/anigif-horz-1.jpg\" rel=\"lightbox[36633]\"><img decoding=\"async\" loading=\"lazy\" class=\"alignnone wp-image-36644 size-full\" title=\"Wella Color Touch - koloryzacja ton w ton\" src=\"https:\/\/estyl.pl\/blog\/wp-content\/uploads\/2020\/07\/anigif-horz-1.jpg\" alt=\"\" width=\"1504\" height=\"500\" srcset=\"https:\/\/estyl.pl\/blog\/wp-content\/uploads\/2020\/07\/anigif-horz-1.jpg 1504w, https:\/\/estyl.pl\/blog\/wp-content\/uploads\/2020\/07\/anigif-horz-1-300x100.jpg 300w, https:\/\/estyl.pl\/blog\/wp-content\/uploads\/2020\/07\/anigif-horz-1-580x193.jpg 580w, https:\/\/estyl.pl\/blog\/wp-content\/uploads\/2020\/07\/anigif-horz-1-768x255.jpg 768w, https:\/\/estyl.pl\/blog\/wp-content\/uploads\/2020\/07\/anigif-horz-1-755x251.jpg 755w, https:\/\/estyl.pl\/blog\/wp-content\/uploads\/2020\/07\/anigif-horz-1-261x87.jpg 261w\" sizes=\"(max-width: 1504px) 100vw, 1504px\" \/><\/a><\/p>\n<ul>\n<li style=\"font-weight: 400;\"><b><i>Color Touch Plus <\/i><\/b><span style=\"font-weight: 400;\">&#8211; koloryzacja pozwalaj\u0105ca na pokrycie do 70% siwych w\u0142os\u00f3w, przy zachowaniu naturalnych, g\u0142\u0119bokich odcieni kosmyk\u00f3w. Harmonijne i intensywne kolory. Do jej u\u017cycia potrzeba oksydantu, kt\u00f3ry nie jest do\u0142\u0105czony do opakowania.\u00a0<\/span><\/li>\n<\/ul>\n<p><img decoding=\"async\" loading=\"lazy\" class=\"aligncenter wp-image-36670 size-large\" title=\"Wella Color Touch Plus - koloryzacja ton w ton\" src=\"https:\/\/estyl.pl\/blog\/wp-content\/uploads\/2020\/07\/wella-color-touch-plus_6-horz-1-580x284.jpg\" alt=\"Wella Color Touch Plus - koloryzacja ton w ton\" width=\"580\" height=\"284\" srcset=\"https:\/\/estyl.pl\/blog\/wp-content\/uploads\/2020\/07\/wella-color-touch-plus_6-horz-1-580x284.jpg 580w, https:\/\/estyl.pl\/blog\/wp-content\/uploads\/2020\/07\/wella-color-touch-plus_6-horz-1-300x147.jpg 300w, https:\/\/estyl.pl\/blog\/wp-content\/uploads\/2020\/07\/wella-color-touch-plus_6-horz-1-768x376.jpg 768w, https:\/\/estyl.pl\/blog\/wp-content\/uploads\/2020\/07\/wella-color-touch-plus_6-horz-1-755x370.jpg 755w, https:\/\/estyl.pl\/blog\/wp-content\/uploads\/2020\/07\/wella-color-touch-plus_6-horz-1-261x128.jpg 261w, https:\/\/estyl.pl\/blog\/wp-content\/uploads\/2020\/07\/wella-color-touch-plus_6-horz-1.jpg 910w\" sizes=\"(max-width: 580px) 100vw, 580px\" \/><\/p>\n<ul>\n<li style=\"font-weight: 400;\"><b><i>Color Touch Sunlights<\/i><\/b><span style=\"font-weight: 400;\"> &#8211; produkty zapewniaj\u0105ce \u0142agodne rozja\u015bnienie do 2 ton\u00f3w z efektem w\u0142os\u00f3w \u201c<\/span><i><span style=\"font-weight: 400;\">mu\u015bni\u0119tych s\u0142o\u0144cem<\/span><\/i><span style=\"font-weight: 400;\">\u201d. Sprawdzaj\u0105 si\u0119 w przypadku tuszowania <\/span><b>pierwszych<\/b><span style=\"font-weight: 400;\"> siwych kosmyk\u00f3w, nie nadaj\u0105 si\u0119 do koloryzacji w pe\u0142ni siwych w\u0142os\u00f3w.\u00a0<\/span><\/li>\n<\/ul>\n<p><a href=\"https:\/\/estyl.pl\/blog\/wp-content\/uploads\/2020\/07\/wella-color-touch-sunlights-horz.jpg\" target=\"_blank\" rel=\"noopener noreferrer\" rel=\"lightbox[36633]\"><img decoding=\"async\" loading=\"lazy\" class=\"aligncenter wp-image-36649 size-full\" title=\"Wella Color Touch Sunlights - koloryzacja ton w ton\" src=\"https:\/\/estyl.pl\/blog\/wp-content\/uploads\/2020\/07\/wella-color-touch-sunlights-horz.jpg\" alt=\"Wella Color Touch Sunlights - koloryzacja ton w ton\" width=\"827\" height=\"231\" srcset=\"https:\/\/estyl.pl\/blog\/wp-content\/uploads\/2020\/07\/wella-color-touch-sunlights-horz.jpg 827w, https:\/\/estyl.pl\/blog\/wp-content\/uploads\/2020\/07\/wella-color-touch-sunlights-horz-300x84.jpg 300w, https:\/\/estyl.pl\/blog\/wp-content\/uploads\/2020\/07\/wella-color-touch-sunlights-horz-580x162.jpg 580w, https:\/\/estyl.pl\/blog\/wp-content\/uploads\/2020\/07\/wella-color-touch-sunlights-horz-768x215.jpg 768w, https:\/\/estyl.pl\/blog\/wp-content\/uploads\/2020\/07\/wella-color-touch-sunlights-horz-755x211.jpg 755w, https:\/\/estyl.pl\/blog\/wp-content\/uploads\/2020\/07\/wella-color-touch-sunlights-horz-261x73.jpg 261w\" sizes=\"(max-width: 827px) 100vw, 827px\" \/><\/a><\/p>\n<ul>\n<li><b><i>Color Touch Relights\u00a0<\/i><\/b><i>&#8211;\u00a0<\/i> farby przeznaczone do w\u0142os\u00f3w naturalnych zapewniaj\u0105ce od\u015bwie\u017cenie i nadanie blasku. Brak pokrycia siwych w\u0142os\u00f3w, trwa\u0142o\u015b\u0107 do 24 my\u0107.<\/li>\n<\/ul>\n<p><a href=\"https:\/\/estyl.pl\/blog\/wp-content\/uploads\/2020\/07\/color-touch-relight-43-60-ml_1_g-horz.jpg\" target=\"_blank\" rel=\"noopener noreferrer\" rel=\"lightbox[36633]\"><img decoding=\"async\" loading=\"lazy\" class=\"aligncenter wp-image-36650\" title=\"Wella Color Touch Relights - koloryzacja ton w ton\" src=\"https:\/\/estyl.pl\/blog\/wp-content\/uploads\/2020\/07\/color-touch-relight-43-60-ml_1_g-horz.jpg\" alt=\"Wella Color Touch Relights - koloryzacja ton w ton\" width=\"900\" height=\"279\" srcset=\"https:\/\/estyl.pl\/blog\/wp-content\/uploads\/2020\/07\/color-touch-relight-43-60-ml_1_g-horz.jpg 1211w, https:\/\/estyl.pl\/blog\/wp-content\/uploads\/2020\/07\/color-touch-relight-43-60-ml_1_g-horz-300x93.jpg 300w, https:\/\/estyl.pl\/blog\/wp-content\/uploads\/2020\/07\/color-touch-relight-43-60-ml_1_g-horz-580x180.jpg 580w, https:\/\/estyl.pl\/blog\/wp-content\/uploads\/2020\/07\/color-touch-relight-43-60-ml_1_g-horz-768x238.jpg 768w, https:\/\/estyl.pl\/blog\/wp-content\/uploads\/2020\/07\/color-touch-relight-43-60-ml_1_g-horz-755x234.jpg 755w, https:\/\/estyl.pl\/blog\/wp-content\/uploads\/2020\/07\/color-touch-relight-43-60-ml_1_g-horz-261x81.jpg 261w\" sizes=\"(max-width: 900px) 100vw, 900px\" \/><\/a><\/p>\n<ul>\n<li style=\"font-weight: 400;\"><b><i>Color Touch Instamatic<\/i><\/b><span style=\"font-weight: 400;\"> &#8211; to 6 pastelowych odcieni farb do w\u0142os\u00f3w pozwalaj\u0105cych na uzyskanie najmodniejszego koloru w\u0142os\u00f3w. Zar\u00f3wno wakacyjny look, jak i kolor na co dzie\u0144, kt\u00f3ry pokocha\u0142y influencerki i\u00a0 wiele kobiet na ulicach miast. Koloryzacja Instamatic nie posiada amoniaku, a formu\u0142a bogata jest w woski i keratyn\u0119, kt\u00f3re piel\u0119gnuj\u0105 kosmyki. W farbie do w\u0142os\u00f3w Color Touch Instamatic zastosowana kompleks <\/span><i><span style=\"font-weight: 400;\">Light Color<\/span><\/i><span style=\"font-weight: 400;\">, kt\u00f3ry dzi\u0119ki kombinacji moleku\u0142 odbija \u015bwiat\u0142o, dodaj\u0105c fryzurze blasku. Mimo \u017ce mowa o pastelowych odcieniach, koloryzacja ta jest \u0142agodna i bezpieczna r\u00f3wnie\u017c dla os\u00f3b posiadaj\u0105cych wra\u017cliwe w\u0142osy czy sk\u00f3r\u0119 g\u0142owy. Idealnie sprawdza si\u0119 zar\u00f3wno do redukcji koloru w\u0142os\u00f3w, jak i nadania im niezwyk\u0142ego odcienia.\u00a0<\/span><\/li>\n<\/ul>\n<p><a href=\"https:\/\/estyl.pl\/blog\/wp-content\/uploads\/2020\/07\/wella-color-touch-instamatic-pink-opakowanie-horz.jpg\" target=\"_blank\" rel=\"noopener noreferrer\" rel=\"lightbox[36633]\"><img decoding=\"async\" loading=\"lazy\" class=\"aligncenter wp-image-36648 size-full\" title=\"Wella Color Touch Instamatic - koloryzacja ton w ton\" src=\"https:\/\/estyl.pl\/blog\/wp-content\/uploads\/2020\/07\/wella-color-touch-instamatic-pink-opakowanie-horz.jpg\" alt=\"Wella Color touch Instamatic - koloryzacja ton w ton\" width=\"867\" height=\"308\" srcset=\"https:\/\/estyl.pl\/blog\/wp-content\/uploads\/2020\/07\/wella-color-touch-instamatic-pink-opakowanie-horz.jpg 867w, https:\/\/estyl.pl\/blog\/wp-content\/uploads\/2020\/07\/wella-color-touch-instamatic-pink-opakowanie-horz-300x107.jpg 300w, https:\/\/estyl.pl\/blog\/wp-content\/uploads\/2020\/07\/wella-color-touch-instamatic-pink-opakowanie-horz-580x206.jpg 580w, https:\/\/estyl.pl\/blog\/wp-content\/uploads\/2020\/07\/wella-color-touch-instamatic-pink-opakowanie-horz-768x273.jpg 768w, https:\/\/estyl.pl\/blog\/wp-content\/uploads\/2020\/07\/wella-color-touch-instamatic-pink-opakowanie-horz-755x268.jpg 755w, https:\/\/estyl.pl\/blog\/wp-content\/uploads\/2020\/07\/wella-color-touch-instamatic-pink-opakowanie-horz-261x93.jpg 261w\" sizes=\"(max-width: 867px) 100vw, 867px\" \/><\/a><\/p>\n<h2><span style=\"font-weight: 400;\">Jak zachowa\u0107 kolor w\u0142os\u00f3w farbowanych metod\u0105 ton w ton?<\/span><\/h2>\n<p><span style=\"font-weight: 400;\">Tak jak w przypadku klasycznego farbowania kosmyk\u00f3w, trzymamy si\u0119 tych samych zasad. Piel\u0119gnacja w\u0142os\u00f3w powinna by\u0107 oparta na produktach przeznaczonych do <a href=\"https:\/\/estyl.pl\/wlosy-farbowane\">w\u0142os\u00f3w farbowanych<\/a>, kt\u00f3re nie tylko nawil\u017caj\u0105 i od\u017cywiaj\u0105 w\u0142osy. Kosmetyki do piel\u0119gnacji w\u0142os\u00f3w koloryzowanych dzi\u0119ki zawartym w sk\u0142adzie pigmentom pozwalaj\u0105 na zatrzymanie koloru w\u0142os\u00f3w oraz blasku na d\u0142u\u017cej. Stosowanie ich zaraz po koloryzacji pozwoli na zachowanie wymarzonego koloru w\u0142os\u00f3w na d\u0142u\u017cej.\u00a0<\/span><\/p>\n<h3 style=\"text-align: left;\">O czym warto pami\u0119ta\u0107 w trakcie piel\u0119gnacji w\u0142os\u00f3w farbowanych?<\/h3>\n<p style=\"text-align: left;\"><strong>Oto kilka rad:<\/strong><\/p>\n<ol>\n<li><strong><strong><em><em><em>Myj rzadziej w\u0142osy<\/em><\/em><\/em><\/strong><\/strong> &#8211; <span style=\"font-weight: 400;\"><span style=\"font-weight: 400;\"><span style=\"font-weight: 400;\"><span style=\"font-weight: 400;\">Prosta zasada, ale jak\u017ce wa\u017cna. Zamiast codziennego mycia w\u0142os\u00f3w, kt\u00f3re wp\u0142ywa na wyp\u0142ukiwanie si\u0119 koloru, po\u015bwi\u0119\u0107 na te czynno\u015b\u0107 czas 2 do 3 razy w tygodniu. To z pewno\u015bci\u0105 wystarczy, aby zachowa\u0107 \u015bwie\u017co\u015b\u0107 w\u0142os\u00f3w i ich nieskazitelny kolor na d\u0142u\u017cej.<\/span><\/span><\/span><\/span><\/li>\n<li><em><em><em><strong>Stosuj odpowiedni szampon do w\u0142os\u00f3w &#8211; <\/strong><\/em><\/em><\/em><span style=\"font-weight: 400;\">Tak jak wspominali\u015bmy wy\u017cej,<\/span><a href=\"https:\/\/estyl.pl\/wlosy\/szampony\/wlosy-farbowane\"><span style=\"font-weight: 400;\"> szampon<\/span><\/a><span style=\"font-weight: 400;\"><span style=\"font-weight: 400;\"><span style=\"font-weight: 400;\"> przeznaczony do w\u0142os\u00f3w farbowanych nie tylko doskonale je piel\u0119gnuje &#8211; od\u017cywia i nawil\u017ca, ale co najwa\u017cniejsze pozwala na zachowanie koloru w\u0142os\u00f3w na d\u0142u\u017cej. Te pozbawione siarczan\u00f3w pozwalaj\u0105 na d\u0142u\u017cej zachowa\u0107 odpowiedni odcie\u0144 w\u0142os\u00f3w, co jest wa\u017cne w przypadku kolor\u00f3w bardzo intensywnych, takich jak odcienie rudo\u015bci, blondy, czy \u201cwakacyjne\u201d kolory w\u0142os\u00f3w.<\/span><\/span><\/span><\/li>\n<li><em><em><em><em><strong>Si\u0119gaj po od\u017cywki i maski do w\u0142os\u00f3w<\/strong><\/em><\/em><\/em><\/em> &#8211; <span style=\"font-weight: 400;\">To w\u0142a\u015bnie dzi\u0119ki nim w\u0142osy farbowane mog\u0105 zachowa\u0107 odpowiedni\u0105 kondycj\u0119. Pami\u0119taj, \u017ce w\u0142osy kruche s\u0105 bardziej podatne na wyp\u0142ukiwanie si\u0119 koloru. Stosuj<\/span><a href=\"https:\/\/estyl.pl\/wlosy\/typy-produktu\/maski\"><span style=\"font-weight: 400;\"> maski<\/span><\/a><span style=\"font-weight: 400;\"> i<\/span><a href=\"https:\/\/estyl.pl\/wlosy\/typy-produktu\/odzywki\"><span style=\"font-weight: 400;\"> od\u017cywki<\/span><\/a><span style=\"font-weight: 400;\"> do w\u0142os\u00f3w po ka\u017cdym ich myciu, aby dzi\u0119ki odpowiedniej piel\u0119gnacji tworzy\u0107 barier\u0119 ochronn\u0105 na w\u0142osach. Mo\u017cesz wybra\u0107 spo\u015br\u00f3d od\u017cywek zawieraj\u0105cych pigmenty dla wzmocnienia efektu koloryzacji czy<\/span><a href=\"https:\/\/estyl.pl\/wlosy\/maski\/wlosy-farbowane\"><span style=\"font-weight: 400;\"> masek przeznaczonych do w\u0142os\u00f3w farbowanych<\/span><\/a><span style=\"font-weight: 400;\">.<\/span><em><br \/>\n<\/em><\/li>\n<li><em><em><em><em><span style=\"font-weight: 400;\"><strong>Ochrona przede wszystkim! &#8211; <\/strong><\/span><\/em><\/em><\/em><\/em><span style=\"font-weight: 400;\">Zar\u00f3wno<\/span><a href=\"https:\/\/estyl.pl\/ochrona-przed-temperatura\"><span style=\"font-weight: 400;\"> ochrona termiczna<\/span><\/a><span style=\"font-weight: 400;\"> przed urz\u0105dzeniami emituj\u0105cymi ciep\u0142o (prostownice, suszarki), jak r\u00f3wnie\u017c<\/span><a href=\"https:\/\/estyl.pl\/ochrona-przed-sloncem\"><span style=\"font-weight: 400;\"> ochrona s\u0142oneczna<\/span><\/a><span style=\"font-weight: 400;\"><span style=\"font-weight: 400;\"><span style=\"font-weight: 400;\">. W\u0142osy farbowane wymagaj\u0105 szczeg\u00f3lnej uwagi, a ka\u017cda emisja ciep\u0142a wp\u0142ywa negatywnie na kolor w\u0142os\u00f3w. Pami\u0119taj zatem, aby stosowa\u0107 \u015brodki termiczne i produkty zabezpieczaj\u0105ce przed dzia\u0142aniem promieniowania UV.<\/span><\/span><\/span><\/li>\n<li><strong><strong><em><em><em>Ogranicz suszenie w\u0142os\u00f3w<\/em><\/em><\/em><\/strong><\/strong> &#8211; <span style=\"font-weight: 400;\"><span style=\"font-weight: 400;\"><span style=\"font-weight: 400;\">W nawi\u0105zaniu do poprzedniego podpunktu staraj si\u0119 ogranicza\u0107 stosowanie urz\u0105dze\u0144 emituj\u0105cych wysokie temperatury. A je\u015bli bez tego nie wyobra\u017casz sobie stylizacji w\u0142os\u00f3w, nie zapomnij o stosowaniu produkt\u00f3w ochronnych.<\/span><\/span><\/span><\/li>\n<li><strong><strong><em><em><em>Sp\u0142ukuj w\u0142osy letni\u0105 wod\u0105<\/em><\/em><\/em><\/strong><\/strong> &#8211; <span style=\"font-weight: 400;\">Stosowanie ciep\u0142ej wody nie tylko powoduje wyblakni\u0119cie koloru w\u0142os\u00f3w, ale r\u00f3wnie\u017c odchylenie \u0142uski w\u0142osa, co w konsekwencji mo\u017ce prowadzi\u0107 do szybszego blakni\u0119cia kosmyk\u00f3w oraz ich os\u0142abienia. Sp\u0142ukuj w\u0142osy zawsze ch\u0142odn\u0105 lub letni\u0105 wod\u0105.<\/span><em><span style=\"font-weight: 400;\"><br \/>\n<\/span><\/em><\/li>\n<li><strong><em><em><em>Chro\u0144 w\u0142osy przed chlorem &#8211; <\/em><\/em><\/em><\/strong><span style=\"font-weight: 400;\">Wybieraj\u0105c si\u0119 na basen czy k\u0105pielisko, nie zapominaj o czepku na g\u0142ow\u0119. Warto r\u00f3wnie\u017c, aby na oko\u0142o 20 minut przed wej\u015bciem do chlorowanej wody na\u0142o\u017cy\u0107 na w\u0142osy od\u017cywk\u0119, kt\u00f3ra zabezpieczy je przed negatywnym wp\u0142ywem chlorowanej wody.<\/span><em><span style=\"font-weight: 400;\"><br \/>\n<\/span><\/em><\/li>\n<li><strong><em><em><em>Pami\u0119taj o odpowiedniej diecie &#8211; <\/em><\/em><\/em><\/strong><span style=\"font-weight: 400;\">Dieta i spos\u00f3b \u017cycia wolny od stresu (wiemy, \u017ce jest to prawie niemo\u017cliwe) wp\u0142ywaj\u0105 na nasze zdrowie i stan sk\u00f3ry, w\u0142os\u00f3w oraz paznokci. Wi\u0119cej informacji o tym, jak powinna wygl\u0105da\u0107 dieta znajdziesz w naszym artykule \u201c<\/span><span style=\"font-weight: 400;\"><a href=\"https:\/\/estyl.pl\/blog\/2017\/01\/co-lubia-jesc-wlosy\/\">Wp\u0142yw diety na w\u0142osy<\/a><\/span><span style=\"font-weight: 400;\">\u201d.<\/span><em><span style=\"font-weight: 400;\"><br \/>\n<\/span><\/em><\/li>\n<\/ol>\n<p><img decoding=\"async\" loading=\"lazy\" class=\"aligncenter wp-image-36661 size-large\" title=\"Koloryzacja ton w ton z Wella Color Touch\" src=\"https:\/\/estyl.pl\/blog\/wp-content\/uploads\/2020\/07\/pink-horz-580x205.jpg\" alt=\"Koloryzacja ton w ton z Wella Color Touch\" width=\"580\" height=\"205\" srcset=\"https:\/\/estyl.pl\/blog\/wp-content\/uploads\/2020\/07\/pink-horz-580x205.jpg 580w, https:\/\/estyl.pl\/blog\/wp-content\/uploads\/2020\/07\/pink-horz-300x106.jpg 300w, https:\/\/estyl.pl\/blog\/wp-content\/uploads\/2020\/07\/pink-horz-768x271.jpg 768w, https:\/\/estyl.pl\/blog\/wp-content\/uploads\/2020\/07\/pink-horz-1536x543.jpg 1536w, https:\/\/estyl.pl\/blog\/wp-content\/uploads\/2020\/07\/pink-horz-2048x723.jpg 2048w, https:\/\/estyl.pl\/blog\/wp-content\/uploads\/2020\/07\/pink-horz-755x267.jpg 755w, https:\/\/estyl.pl\/blog\/wp-content\/uploads\/2020\/07\/pink-horz-261x92.jpg 261w\" sizes=\"(max-width: 580px) 100vw, 580px\" \/><\/p>\n<p><span style=\"font-weight: 400;\">Dlaczego warto wybra\u0107 koloryzacj\u0119 ton w ton z Wella Color Touch? Po pierwsze nie tylko zapewnia w\u0142osom g\u0142\u0119bi\u0119 koloru, ale r\u00f3wnie\u017c pozwala na zmian\u0119 odcienia w\u0142os\u00f3w. Zachowuj\u0105c kosmyki w jak najlepszej kondycji. Bezpieczna koloryzacja ton w ton\u00a0 nie powoduje rozja\u015bniania pukli, kt\u00f3re wp\u0142ywa negatywnie na stan kosmyk\u00f3w. Barwniki stosowane s\u0105 \u201cna wyj\u015bciowy kolor w\u0142os\u00f3w\u201d, dodaj\u0105c mu blasku i wielowymiarowej pe\u0142ni odcienia. Wybierz bezpieczn\u0105 koloryzacj\u0119 ton w ton dzi\u0119ki farbom Wella Color Touch.<\/span><\/p>\n","protected":false},"excerpt":{"rendered":"<p>Twoje w\u0142osy potrzebuj\u0105 od\u015bwie\u017cenia, a wizyta w salonie fryzjerskim dopiero za jaki\u015b czas? Nie martw si\u0119, mamy na to rozwi\u0105zanie! Koloryzacja ton w ton to doskona\u0142e rozwi\u0105zanie dla wszystkich, kt\u00f3rym zale\u017cy na od\u015bwie\u017ceniu koloru w\u0142os\u00f3w. W tym celu mo\u017cna si\u0119gn\u0105\u0107 po kilka produkt\u00f3w. Dzisiaj przyjrzymy si\u0119, w jaki spos\u00f3b mo\u017cna w tym celu wykorzysta\u0107 farby [&hellip;]<\/p>\n","protected":false},"author":1,"featured_media":36654,"comment_status":"open","ping_status":"open","sticky":false,"template":"","format":"standard","meta":{"_eb_attr":""},"categories":[3,4,5],"tags":[2707,79,2708],"acf":[],"yoast_head":"<!-- This site is optimized with the Yoast SEO plugin v20.8 - https:\/\/yoast.com\/wordpress\/plugins\/seo\/ -->\n<title>Koloryzacja ton w ton z Wella Color Touch - Blog | Estyl.pl<\/title>\n<meta name=\"description\" content=\"Chcesz odmieni\u0107 sw\u00f3j kolor w\u0142os\u00f3w? Sprawd\u017a czym jest koloryzacja ton w ton i ciesz si\u0119 pi\u0119knymi i zdrowymi w\u0142osami z Wella Color Touch!\" \/>\n<meta name=\"robots\" content=\"index, follow, max-snippet:-1, max-image-preview:large, max-video-preview:-1\" \/>\n<link rel=\"canonical\" href=\"https:\/\/estyl.pl\/blog\/koloryzacja-ton-w-ton-z-wella-color-touch\/\" \/>\n<meta property=\"og:locale\" content=\"pl_PL\" \/>\n<meta property=\"og:type\" content=\"article\" \/>\n<meta property=\"og:title\" content=\"Koloryzacja ton w ton z Wella Color Touch - Blog | Estyl.pl\" \/>\n<meta property=\"og:description\" content=\"Chcesz odmieni\u0107 sw\u00f3j kolor w\u0142os\u00f3w? Sprawd\u017a czym jest koloryzacja ton w ton i ciesz si\u0119 pi\u0119knymi i zdrowymi w\u0142osami z Wella Color Touch!\" \/>\n<meta property=\"og:url\" content=\"https:\/\/estyl.pl\/blog\/koloryzacja-ton-w-ton-z-wella-color-touch\/\" \/>\n<meta property=\"og:site_name\" content=\"Blog | Estyl.pl\" \/>\n<meta property=\"article:published_time\" content=\"2020-07-22T09:20:15+00:00\" \/>\n<meta property=\"article:modified_time\" content=\"2020-08-24T09:14:49+00:00\" \/>\n<meta property=\"og:image\" content=\"https:\/\/estyl.pl\/blog\/wp-content\/uploads\/2020\/07\/t\u0142o.jpg\" \/>\n\t<meta property=\"og:image:width\" content=\"755\" \/>\n\t<meta property=\"og:image:height\" content=\"315\" \/>\n\t<meta property=\"og:image:type\" content=\"image\/jpeg\" \/>\n<meta name=\"author\" content=\"admin\" \/>\n<meta name=\"twitter:label1\" content=\"Napisane przez\" \/>\n\t<meta name=\"twitter:data1\" content=\"admin\" \/>\n\t<meta name=\"twitter:label2\" content=\"Szacowany czas czytania\" \/>\n\t<meta name=\"twitter:data2\" content=\"8 minut\" \/>\n<script type=\"application\/ld+json\" class=\"yoast-schema-graph\">{\"@context\":\"https:\/\/schema.org\",\"@graph\":[{\"@type\":\"WebPage\",\"@id\":\"https:\/\/estyl.pl\/blog\/koloryzacja-ton-w-ton-z-wella-color-touch\/\",\"url\":\"https:\/\/estyl.pl\/blog\/koloryzacja-ton-w-ton-z-wella-color-touch\/\",\"name\":\"Koloryzacja ton w ton z Wella Color Touch - Blog | Estyl.pl\",\"isPartOf\":{\"@id\":\"https:\/\/estyl.pl\/blog\/#website\"},\"datePublished\":\"2020-07-22T09:20:15+00:00\",\"dateModified\":\"2020-08-24T09:14:49+00:00\",\"author\":{\"@id\":\"https:\/\/estyl.pl\/blog\/#\/schema\/person\/22fff2064045ce23be580e18ca255220\"},\"description\":\"Chcesz odmieni\u0107 sw\u00f3j kolor w\u0142os\u00f3w? Sprawd\u017a czym jest koloryzacja ton w ton i ciesz si\u0119 pi\u0119knymi i zdrowymi w\u0142osami z Wella Color Touch!\",\"breadcrumb\":{\"@id\":\"https:\/\/estyl.pl\/blog\/koloryzacja-ton-w-ton-z-wella-color-touch\/#breadcrumb\"},\"inLanguage\":\"pl-PL\",\"potentialAction\":[{\"@type\":\"ReadAction\",\"target\":[\"https:\/\/estyl.pl\/blog\/koloryzacja-ton-w-ton-z-wella-color-touch\/\"]}]},{\"@type\":\"BreadcrumbList\",\"@id\":\"https:\/\/estyl.pl\/blog\/koloryzacja-ton-w-ton-z-wella-color-touch\/#breadcrumb\",\"itemListElement\":[{\"@type\":\"ListItem\",\"position\":1,\"name\":\"Nowo\u015bci\",\"item\":\"https:\/\/estyl.pl\/blog\/nowosci\/\"},{\"@type\":\"ListItem\",\"position\":2,\"name\":\"Koloryzacja ton w ton z Wella Color Touch\"}]},{\"@type\":\"WebSite\",\"@id\":\"https:\/\/estyl.pl\/blog\/#website\",\"url\":\"https:\/\/estyl.pl\/blog\/\",\"name\":\"Blog | Estyl.pl\",\"description\":\"Kosmetyki do w\u0142os\u00f3w, porady, piel\u0119gnacja, stylizacja\",\"potentialAction\":[{\"@type\":\"SearchAction\",\"target\":{\"@type\":\"EntryPoint\",\"urlTemplate\":\"https:\/\/estyl.pl\/blog\/?s={search_term_string}\"},\"query-input\":\"required name=search_term_string\"}],\"inLanguage\":\"pl-PL\"},{\"@type\":\"Person\",\"@id\":\"https:\/\/estyl.pl\/blog\/#\/schema\/person\/22fff2064045ce23be580e18ca255220\",\"name\":\"admin\",\"url\":\"https:\/\/estyl.pl\/blog\/author\/admin\/\"}]}<\/script>\n<!-- \/ Yoast SEO plugin. -->","yoast_head_json":{"title":"Koloryzacja ton w ton z Wella Color Touch - Blog | Estyl.pl","description":"Chcesz odmieni\u0107 sw\u00f3j kolor w\u0142os\u00f3w? Sprawd\u017a czym jest koloryzacja ton w ton i ciesz si\u0119 pi\u0119knymi i zdrowymi w\u0142osami z Wella Color Touch!","robots":{"index":"index","follow":"follow","max-snippet":"max-snippet:-1","max-image-preview":"max-image-preview:large","max-video-preview":"max-video-preview:-1"},"canonical":"https:\/\/estyl.pl\/blog\/koloryzacja-ton-w-ton-z-wella-color-touch\/","og_locale":"pl_PL","og_type":"article","og_title":"Koloryzacja ton w ton z Wella Color Touch - Blog | Estyl.pl","og_description":"Chcesz odmieni\u0107 sw\u00f3j kolor w\u0142os\u00f3w? Sprawd\u017a czym jest koloryzacja ton w ton i ciesz si\u0119 pi\u0119knymi i zdrowymi w\u0142osami z Wella Color Touch!","og_url":"https:\/\/estyl.pl\/blog\/koloryzacja-ton-w-ton-z-wella-color-touch\/","og_site_name":"Blog | Estyl.pl","article_published_time":"2020-07-22T09:20:15+00:00","article_modified_time":"2020-08-24T09:14:49+00:00","og_image":[{"width":755,"height":315,"url":"https:\/\/estyl.pl\/blog\/wp-content\/uploads\/2020\/07\/t\u0142o.jpg","type":"image\/jpeg"}],"author":"admin","twitter_misc":{"Napisane przez":"admin","Szacowany czas czytania":"8 minut"},"schema":{"@context":"https:\/\/schema.org","@graph":[{"@type":"WebPage","@id":"https:\/\/estyl.pl\/blog\/koloryzacja-ton-w-ton-z-wella-color-touch\/","url":"https:\/\/estyl.pl\/blog\/koloryzacja-ton-w-ton-z-wella-color-touch\/","name":"Koloryzacja ton w ton z Wella Color Touch - Blog | Estyl.pl","isPartOf":{"@id":"https:\/\/estyl.pl\/blog\/#website"},"datePublished":"2020-07-22T09:20:15+00:00","dateModified":"2020-08-24T09:14:49+00:00","author":{"@id":"https:\/\/estyl.pl\/blog\/#\/schema\/person\/22fff2064045ce23be580e18ca255220"},"description":"Chcesz odmieni\u0107 sw\u00f3j kolor w\u0142os\u00f3w? Sprawd\u017a czym jest koloryzacja ton w ton i ciesz si\u0119 pi\u0119knymi i zdrowymi w\u0142osami z Wella Color Touch!","breadcrumb":{"@id":"https:\/\/estyl.pl\/blog\/koloryzacja-ton-w-ton-z-wella-color-touch\/#breadcrumb"},"inLanguage":"pl-PL","potentialAction":[{"@type":"ReadAction","target":["https:\/\/estyl.pl\/blog\/koloryzacja-ton-w-ton-z-wella-color-touch\/"]}]},{"@type":"BreadcrumbList","@id":"https:\/\/estyl.pl\/blog\/koloryzacja-ton-w-ton-z-wella-color-touch\/#breadcrumb","itemListElement":[{"@type":"ListItem","position":1,"name":"Nowo\u015bci","item":"https:\/\/estyl.pl\/blog\/nowosci\/"},{"@type":"ListItem","position":2,"name":"Koloryzacja ton w ton z Wella Color Touch"}]},{"@type":"WebSite","@id":"https:\/\/estyl.pl\/blog\/#website","url":"https:\/\/estyl.pl\/blog\/","name":"Blog | Estyl.pl","description":"Kosmetyki do w\u0142os\u00f3w, porady, piel\u0119gnacja, stylizacja","potentialAction":[{"@type":"SearchAction","target":{"@type":"EntryPoint","urlTemplate":"https:\/\/estyl.pl\/blog\/?s={search_term_string}"},"query-input":"required name=search_term_string"}],"inLanguage":"pl-PL"},{"@type":"Person","@id":"https:\/\/estyl.pl\/blog\/#\/schema\/person\/22fff2064045ce23be580e18ca255220","name":"admin","url":"https:\/\/estyl.pl\/blog\/author\/admin\/"}]}},"_links":{"self":[{"href":"https:\/\/estyl.pl\/blog\/wp-json\/wp\/v2\/posts\/36633"}],"collection":[{"href":"https:\/\/estyl.pl\/blog\/wp-json\/wp\/v2\/posts"}],"about":[{"href":"https:\/\/estyl.pl\/blog\/wp-json\/wp\/v2\/types\/post"}],"author":[{"embeddable":true,"href":"https:\/\/estyl.pl\/blog\/wp-json\/wp\/v2\/users\/1"}],"replies":[{"embeddable":true,"href":"https:\/\/estyl.pl\/blog\/wp-json\/wp\/v2\/comments?post=36633"}],"version-history":[{"count":36,"href":"https:\/\/estyl.pl\/blog\/wp-json\/wp\/v2\/posts\/36633\/revisions"}],"predecessor-version":[{"id":36686,"href":"https:\/\/estyl.pl\/blog\/wp-json\/wp\/v2\/posts\/36633\/revisions\/36686"}],"wp:featuredmedia":[{"embeddable":true,"href":"https:\/\/estyl.pl\/blog\/wp-json\/wp\/v2\/media\/36654"}],"wp:attachment":[{"href":"https:\/\/estyl.pl\/blog\/wp-json\/wp\/v2\/media?parent=36633"}],"wp:term":[{"taxonomy":"category","embeddable":true,"href":"https:\/\/estyl.pl\/blog\/wp-json\/wp\/v2\/categories?post=36633"},{"taxonomy":"post_tag","embeddable":true,"href":"https:\/\/estyl.pl\/blog\/wp-json\/wp\/v2\/tags?post=36633"}],"curies":[{"name":"wp","href":"https:\/\/api.w.org\/{rel}","templated":true}]}}