{"id":36758,"date":"2023-04-18T11:27:00","date_gmt":"2023-04-18T09:27:00","guid":{"rendered":"https:\/\/estyl.pl\/blog\/?p=36758"},"modified":"2023-07-05T13:27:55","modified_gmt":"2023-07-05T11:27:55","slug":"wlosy-dystroficzne-czy-mamy-sie-czego-bac","status":"publish","type":"post","link":"https:\/\/estyl.pl\/blog\/wlosy-dystroficzne-czy-mamy-sie-czego-bac\/","title":{"rendered":"W\u0142osy dystroficzne &#8211; czy mamy si\u0119 czego ba\u0107?"},"content":{"rendered":"\n<p><span style=\"font-weight: 400;\"><a href=\"https:\/\/estyl.pl\/wlosy\" data-internallinksmanager029f6b8e52c=\"2\" title=\"w\u0142osy\">W\u0142osy<\/a> s\u0105 papierkiem lakmusowym obrazuj\u0105cym kondycj\u0119 naszego organizmu. Ju\u017c od dawna wiemy, \u017ce na w\u0142osach widoczne s\u0105 zaburzenia i nieprawid\u0142owo\u015bci, jakie dziej\u0105 si\u0119 wewn\u0105trz nas. W\u0142osy dystroficzne i dysplastyczne s\u0105 wynikiem takowych zaburze\u0144. Kosmyk przypominaj\u0105cy zwini\u0119ty drucik, to jedna z cech charakterystycznych w\u0142os\u00f3w dystroficznych. Dowiedz si\u0119 wi\u0119cej o tym rodzaju w\u0142os\u00f3w z dalszej cz\u0119\u015bci tekstu. <\/span><\/p>\n\n\n\n<!--more-->\n\n\n\n<h2 class=\"wp-block-heading\"><strong>W\u0142osy dystroficzne &#8211; o co w\u0142a\u015bciwie chodzi?<\/strong><\/h2>\n\n\n\n<p><span style=\"font-weight: 400;\">W\u0142osy dystroficzne wyst\u0119puj\u0105 u wi\u0119kszo\u015bci z nas. Nie jest to zjawisko, kt\u00f3re obejmuje ca\u0142e w\u0142osy, lecz jedynie niekt\u00f3re kosmyki. Sk\u0105d si\u0119 bierze? Zdarza si\u0119 czasem, \u017ce cebulka w\u0142osa mo\u017ce ulec deformacji. W jej wyniku wzrost w\u0142osa mo\u017ce zosta\u0107 zaburzony. Wtedy zauwa\u017cy\u0107 mo\u017cemy, \u017ce cz\u0119\u015b\u0107 naszych w\u0142os\u00f3w jest \u201cinna\u201d ni\u017c pozosta\u0142e. <strong>W\u0142osy staj\u0105 si\u0119 bardziej pokr\u0119cone ni\u017c reszta, powyginane. W\u0142osy dystroficzne s\u0105 r\u00f3wnie\u017c ci\u0119\u017ckie w stylizacji, mo\u017cna powiedzie\u0107, \u017ce \u201cnie s\u0142uchaj\u0105 si\u0119 nas\u201d. Charakteryzuj\u0105 si\u0119 tym, \u017ce s\u0105 ciemniejsze, szorstkie i odstaj\u0105. Ponadto wygl\u0105daj\u0105 jak cienka, powyginana \u017cy\u0142ka. W\u0142os dystroficzny posiada liczne zmiany na ca\u0142ej d\u0142ugo\u015bci kosmyka oraz przew\u0119\u017cenia.&nbsp;<\/strong><\/span><\/p>\n\n\n\n<p><span style=\"font-weight: 400;\">W\u0142osy dystroficzne powstaj\u0105 na skutek nie tylko deformacji cebulki w\u0142osa, ale r\u00f3wnie\u017c braku macierzy w\u0142osa. S\u0105 to w\u0142osy, kt\u00f3re bardzo \u0142atwo uszkodzi\u0107, a nawet wyrwa\u0107. W\u0142os dystroficzny jest os\u0142abiony, posiada szereg przew\u0119\u017ce\u0144. St\u0105d te\u017c nast\u0119puje jego cz\u0119ste wypadanie.&nbsp;<\/span><\/p>\n\n\n\n<h2 class=\"wp-block-heading\"><span style=\"font-weight: 400;\"><strong>Przyczyny wyst\u0119powania w\u0142os\u00f3w dystroficznych<\/strong><\/span><\/h2>\n\n\n\n<p><i><span style=\"font-weight: 400;\">*Dystrofia &#8211; <\/span><\/i><i><span style=\"font-weight: 400;\">wed\u0142ug encyklopedii &#8211; to zaburzenia rozwojowe. Powsta\u0107 one mog\u0142y na skutek braku lub niew\u0142a\u015bciwego od\u017cywiania zar\u00f3wno tkanek, jak i narz\u0105d\u00f3w.<\/span><\/i><\/p>\n\n\n\n<p><span style=\"font-weight: 400;\"><strong>Niestety do dnia dzisiejszego nie jest znana ostateczna przyczyna wyst\u0119powania tego rodzaju w\u0142os\u00f3w i deformacji cebulki. M\u00f3wi si\u0119, \u017ce w\u0142osy dystroficzne mog\u0105 by\u0107 spowodowane czynnikami genetycznymi lub zaburzeniami hormonalnymi.<\/strong> Je\u015bli zauwa\u017cysz w\u0142os lub k\u0119pk\u0119 w\u0142os\u00f3w, kt\u00f3re wygl\u0105daj\u0105 inaczej ni\u017c pozosta\u0142e i nie wiesz, jaka mo\u017ce by\u0107 tego przyczyna, zr\u00f3b pakiet bada\u0144. Wykonanie pe\u0142nej morfologii z hormonami pozwoli stwierdzi\u0107, czy powstanie w\u0142os\u00f3w dystroficznych nie jest spowodowane zmianami w organizmie. <strong>Problemy z tarczyc\u0105<\/strong> takie jak niedoczynno\u015b\u0107 czy nadczynno\u015b\u0107 oraz Hashimoto mog\u0105 r\u00f3wnie\u017c by\u0107 przyczyn\u0105 wyst\u0119powania w\u0142os\u00f3w dystroficznych.&nbsp;<\/span><\/p>\n\n\n\n<p><span style=\"font-weight: 400;\">W niewielu \u017ar\u00f3d\u0142ach mo\u017cna doszuka\u0107 si\u0119 informacji odno\u015bnie<strong> wp\u0142ywu lek\u00f3w<\/strong>, a dok\u0142adnie Metotreksatu na cebulk\u0119 w\u0142osa. Stosowanie tego \u015brodka w celu leczenia onkologicznego, ale r\u00f3wnie\u017c autoimmunologicznego i reumatologicznego mo\u017ce mie\u0107 wp\u0142yw na os\u0142abienie macierzy w\u0142osa, a tym samym na sam\u0105 cebulk\u0119. Tak samo jak promieniowanie rentgenowskie. Wp\u0142yw na powstawanie w\u0142os\u00f3w dystroficznych mog\u0105 mie\u0107 r\u00f3wnie\u017c \u015brodki stosowane w leczeniu dny moczanowej. Niestety, tak jak wspomnieli\u015bmy wcze\u015bniej, niewiele \u017ar\u00f3de\u0142 opisuje to zjawisko, a przyczyny powstawania w\u0142os\u00f3w dystroficznych i dysplastycznych nadal nie s\u0105 jasno opisywane.&nbsp;<\/span><\/p>\n\n\n<div class=\"wp-block-image\">\n<figure class=\"aligncenter\"><img decoding=\"async\" loading=\"lazy\" width=\"580\" height=\"609\" src=\"https:\/\/estyl.pl\/blog\/wp-content\/uploads\/2020\/08\/wlosy-dysplastyczne-i-dystroficzne-580x609.jpg\" alt=\"W\u0142osy dystroficzne - poznaj czym si\u0119 charakteryzuj\u0105!\" class=\"wp-image-36770\" title=\"W\u0142osy dystroficzne - poznaj czym si\u0119 charakteryzuj\u0105!\" srcset=\"https:\/\/estyl.pl\/blog\/wp-content\/uploads\/2020\/08\/wlosy-dysplastyczne-i-dystroficzne-580x609.jpg 580w, https:\/\/estyl.pl\/blog\/wp-content\/uploads\/2020\/08\/wlosy-dysplastyczne-i-dystroficzne-286x300.jpg 286w, https:\/\/estyl.pl\/blog\/wp-content\/uploads\/2020\/08\/wlosy-dysplastyczne-i-dystroficzne-768x806.jpg 768w, https:\/\/estyl.pl\/blog\/wp-content\/uploads\/2020\/08\/wlosy-dysplastyczne-i-dystroficzne-755x793.jpg 755w, https:\/\/estyl.pl\/blog\/wp-content\/uploads\/2020\/08\/wlosy-dysplastyczne-i-dystroficzne-261x274.jpg 261w, https:\/\/estyl.pl\/blog\/wp-content\/uploads\/2020\/08\/wlosy-dysplastyczne-i-dystroficzne.jpg 800w\" sizes=\"(max-width: 580px) 100vw, 580px\" \/><\/figure><\/div>\n\n\n<p class=\"has-text-align-center\">\u0179r\u00f3d\u0142o: wizaz.pl<\/p>\n\n\n\n<p><span style=\"font-weight: 400;\">Kolejn\u0105 przyczyn\u0105, kt\u00f3ra mo\u017ce powodowa\u0107 zaburzenia wzrostu w\u0142osa &#8211; dystrofi\u0119 &#8211; mog\u0105 by\u0107 <strong>niedobory witamin<\/strong>. Jednak czy zmiana od\u017cywiania w czym\u015b pomo\u017ce? Z pewno\u015bci\u0105 wzmocni w\u0142osy i je od\u017cywi, lecz nie wyleczy.<\/span><\/p>\n\n\n\n<h2 class=\"wp-block-heading\"><span style=\"font-weight: 400;\"><strong>A czym s\u0105 w\u0142osy dysplastyczne?<\/strong><\/span><\/h2>\n\n\n\n<p><span style=\"font-weight: 400;\">W\u0142osy dysplastyczny cz\u0119sto s\u0105 mylone z w\u0142osem dystroficznym. Dziej\u0119 si\u0119 tak, poniewa\u017c r\u00f3\u017cnice wizualne mi\u0119dzy nimi s\u0105 nieznaczne. Wiele jednak dzieje si\u0119 we wn\u0119trzu macierzy w\u0142osa i tam ta r\u00f3\u017cnica jest widoczna. <strong>W\u0142os dysplastyczny posiada cz\u0119\u015b\u0107 zar\u00f3wno pochewki korzenia, jak i macierz w\u0142osa. W\u0142os dysplastyczny charakteryzuje si\u0119 w\u0119\u017cszym korzeniem w\u0142osa w por\u00f3wnaniu z ca\u0142\u0105 ich d\u0142ugo\u015bci\u0105. Mo\u017cna r\u00f3wnie\u017c zauwa\u017cy\u0107 znaczne przew\u0119\u017cenia i z\u0142amania kosmyk\u00f3w.&nbsp;<\/strong><\/span><\/p>\n\n\n\n<h2 class=\"wp-block-heading\"><span style=\"font-weight: 400;\"><strong>Rola trychologa w walce z w\u0142osami dystroficznymi<\/strong><\/span><\/h2>\n\n\n\n<p><span style=\"font-weight: 400;\">Trycholog to specjalista z dziedziny medycyny, kt\u00f3ry zajmuje si\u0119 diagnozowaniem sk\u00f3ry g\u0142owy i w\u0142os\u00f3w. Jego zadaniem jest rozpoznanie dolegliwo\u015bci i wystosowanie odpowiedniego leczenia zar\u00f3wno w\u0142os\u00f3w, jak i sk\u00f3ry g\u0142owy. <strong>W\u0142osy dystroficzne r\u00f3wnie\u017c wymagaj\u0105 wizyty u trychologa je\u015bli ich ilo\u015b\u0107 przekracza 3% w\u0142os\u00f3w na ca\u0142ej g\u0142owie.<\/strong> W zwi\u0105zku z tym, \u017ce nie do ko\u0144ca znana jest ostateczna przyczyna wyst\u0119powania w\u0142os\u00f3w dystroficznych, ci\u0119\u017cko stwierdzi\u0107 i podj\u0105\u0107 si\u0119 konkretnego leczenia. Wiadomo, \u017ce w\u0142osy te potrzebuj\u0105 przede wszystkim mocnej regeneracji i od\u017cywienia. Trycholog jest w stanie przygotowa\u0107 nam pakiet leczenia, aby zregenerowa\u0107 i poprawi\u0107 stan wizualny w\u0142os\u00f3w. Leczenie ma na celu r\u00f3wnie\u017c spowolnienie powstawania w\u0142os\u00f3w dystroficznych.<\/span><\/p>\n\n\n\n<h2 class=\"wp-block-heading\"><span style=\"font-weight: 400;\"><strong>W\u0142osy dystroficzne leczenie<\/strong><\/span><\/h2>\n\n\n\n<p><span style=\"font-weight: 400;\">Tak jak zosta\u0142o wspomniane wcze\u015bniej, w\u0142osy dystroficzne mog\u0105 wyst\u0119powa\u0107 u ka\u017cdego z nas. Nie jest to problem, je\u015bli s\u0105 to pojedyncze pasma. Nadmierne wypadanie w\u0142os\u00f3w mo\u017ce by\u0107 spowodowane wyst\u0119powaniem w\u0142os\u00f3w dystroficznych, gdy\u017c to one pod wp\u0142ywem swoich uszkodze\u0144 wypadaj\u0105. Aby temu zapobiega\u0107 warto zrobi\u0107 komplet bada\u0144, ale mo\u017cna r\u00f3wnie\u017c si\u0119gn\u0105\u0107 po kosmetyki, kt\u00f3re maj\u0105 za zadanie wzmacnia\u0107 w\u0142osy. Produkty naturalnej marki Rahua nie tylko wzmocni\u0105 w\u0142osy, ale r\u00f3wnie\u017c je regeneruj\u0105, od\u017cywiaj\u0105 i dodaj\u0105 im spr\u0119\u017cysto\u015bci. Od\u017cywka do w\u0142os\u00f3w <\/span><a href=\"https:\/\/estyl.pl\/rahua-wzmacniajaca-odzywka-do-wlosow-275ml\"><span style=\"font-weight: 400;\">Rahua Classic<\/span><\/a><span style=\"font-weight: 400;\"> dzi\u0119ki zawarto\u015bci <strong>olejku Rahua, komosy ry\u017cowej, mas\u0142a shea i mas\u0142a kokosowego<\/strong> wp\u0142ywa znacz\u0105co na wygl\u0105d i kondycj\u0119 w\u0142os\u00f3w. Je\u015bli jednak Twoje w\u0142osy s\u0105 cz\u0119sto poddane zabiegowi farbowania, warto si\u0119gn\u0105\u0107 po produk<\/span>ty marki Nioxin. Kosmetyki opieraj\u0105 sie na systemach, kt\u00f3re jednocze\u015bnie wzmacniaj\u0105 tekstur\u0119 w\u0142os\u00f3w, normalizuje poziom nawil\u017cenia i chroni\u0105 ich kolor.<\/p>\n\n\n\n\n\n\n<p><span style=\"font-weight: 400;\">Pami\u0119tajcie, \u017ce w przypadku w\u0142os\u00f3w dystroficznych czy dysplastycznych nale\u017cy r\u00f3wnie\u017c dba\u0107 o prawid\u0142owe funkcjonowanie ca\u0142ego organizmu oraz piel\u0119gnowa\u0107 sk\u00f3r\u0119 g\u0142owy, kt\u00f3ra jest bardzo wa\u017cna dla odpowiedniego wzrostu w\u0142os\u00f3w.&nbsp; W tym celu mo\u017cna skorzysta\u0107 z wielu kosmetyk\u00f3w przeznaczonych dla zachowania zdrowej sk\u00f3ry g\u0142owy, kt\u00f3re znale\u017a\u0107 mo\u017cna tutaj -&gt; <\/span><a href=\"https:\/\/estyl.pl\/zdrowa-skora-glowy\"><span style=\"font-weight: 400;\">Kosmetyki do zdrowej sk\u00f3ry g\u0142owy<\/span><\/a><span style=\"font-weight: 400;\">.<\/span><\/p>\n\n\n\n<h2 class=\"wp-block-heading\"><span style=\"font-weight: 400;\"><strong>Wp\u0142yw od\u017cywiania na w\u0142osy dystroficzne i dysplastyczne<\/strong><\/span><\/h2>\n\n\n\n<p><span style=\"font-weight: 400;\">Jedn\u0105 z przyczyn wyst\u0119powania w\u0142os\u00f3w dystroficznych i dysplastycznych mog\u0105 by\u0107 problemy z od\u017cywianiem i niedoborami wyst\u0119puj\u0105cymi w naszym organizmie. O tym, jak wa\u017cne jest spo\u017cywanie odpowiednich produkt\u00f3w i jak odbija si\u0119 to na stanie naszych w\u0142os\u00f3w pisali\u015bmy ju\u017c w artykule &#8211; <\/span><a href=\"https:\/\/estyl.pl\/blog\/2017\/01\/co-lubia-jesc-wlosy\/\"><span style=\"font-weight: 400;\">\u201cWp\u0142yw diety na w\u0142osy\u201d, <\/span><\/a><span style=\"font-weight: 400;\">do kt\u00f3rego serdecznie zach\u0119camy. <strong>W\u0142osy dystroficzne mog\u0105 by\u0107 r\u00f3wnie\u017c przyczyn\u0105 niedobor\u00f3w miedzi z po\u017cywienia.<\/strong> Sk\u0142adnik ten znajdziesz w takich produktach, jak: ziarna s\u0142onecznika, orzechy, zielone warzywa li\u015bciaste, dro\u017cd\u017ce piekarskie, p\u0142atki owsiane, w\u0105troba ciel\u0119ca, kakao, pestki dyni czy grzyby. Na spadek ilo\u015bci miedzi w organizmie wp\u0142yw ma r\u00f3wnie\u017c nadmiar cynku. St\u0105d te\u017c wa\u017cna jest zbilansowana dieta, kt\u00f3ra dostarczy organizmowi wszystkich niezb\u0119dnych sk\u0142adnik\u00f3w od\u017cywczych w odpowiednich ilo\u015bciach, dla zdrowia i dobrej kondycji w\u0142os\u00f3w. Mo\u017cna r\u00f3wnie\u017c wprowadzi\u0107 suplementacj\u0119, je\u015bli wyst\u0119puj\u0105 w organizmie znaczne niedobory witamin czy soli mineralnych.&nbsp;<\/span><\/p>\n\n\n<div class=\"wp-block-image\">\n<figure class=\"aligncenter\"><img decoding=\"async\" loading=\"lazy\" width=\"580\" height=\"384\" src=\"https:\/\/estyl.pl\/blog\/wp-content\/uploads\/2020\/08\/dieta-580x384.jpg\" alt=\"Dieta, a w\u0142osy dystroficzne\" class=\"wp-image-36771\" title=\"Dieta, a w\u0142osy dystroficzne\" srcset=\"https:\/\/estyl.pl\/blog\/wp-content\/uploads\/2020\/08\/dieta-580x384.jpg 580w, https:\/\/estyl.pl\/blog\/wp-content\/uploads\/2020\/08\/dieta-300x199.jpg 300w, https:\/\/estyl.pl\/blog\/wp-content\/uploads\/2020\/08\/dieta-768x509.jpg 768w, https:\/\/estyl.pl\/blog\/wp-content\/uploads\/2020\/08\/dieta-755x500.jpg 755w, https:\/\/estyl.pl\/blog\/wp-content\/uploads\/2020\/08\/dieta-261x173.jpg 261w, https:\/\/estyl.pl\/blog\/wp-content\/uploads\/2020\/08\/dieta-212x140.jpg 212w, https:\/\/estyl.pl\/blog\/wp-content\/uploads\/2020\/08\/dieta.jpg 1522w\" sizes=\"(max-width: 580px) 100vw, 580px\" \/><\/figure><\/div>\n\n\n<p><\/p>\n\n\n\n<p><span style=\"font-weight: 400;\">W\u0142osy dystroficzne czy dysplastyczne to normalne zjawisko wyst\u0119puj\u0105ce na ludzkiej g\u0142owie. Mo\u017ce wyst\u0119powa\u0107 ze wzgl\u0119du na wiele czynnik\u00f3w i nie powinno nas martwi\u0107. Problem zaczyna si\u0119 w momencie, je\u015bli ilo\u015b\u0107 w\u0142os\u00f3w dystroficznych przekroczy 3% wszystkich kosmyk\u00f3w na g\u0142owie. A czy Wy zauwa\u017cyli\u015bcie u siebie jaki\u015b w\u0142os dystroficzny?<\/span><\/p>\n","protected":false},"excerpt":{"rendered":"<p>W\u0142osy s\u0105 papierkiem lakmusowym obrazuj\u0105cym kondycj\u0119 naszego organizmu. Ju\u017c od dawna wiemy, \u017ce na w\u0142osach widoczne s\u0105 zaburzenia i nieprawid\u0142owo\u015bci, jakie dziej\u0105 si\u0119 wewn\u0105trz nas. W\u0142osy dystroficzne i dysplastyczne s\u0105 wynikiem takowych zaburze\u0144. Kosmyk przypominaj\u0105cy zwini\u0119ty drucik, to jedna z cech charakterystycznych w\u0142os\u00f3w dystroficznych. Dowiedz si\u0119 wi\u0119cej o tym rodzaju w\u0142os\u00f3w z dalszej cz\u0119\u015bci tekstu.<\/p>\n","protected":false},"author":1,"featured_media":36763,"comment_status":"open","ping_status":"open","sticky":false,"template":"","format":"standard","meta":{"_eb_attr":""},"categories":[4],"tags":[132,2331,2712,2711],"acf":[],"yoast_head":"<!-- This site is optimized with the Yoast SEO plugin v20.8 - https:\/\/yoast.com\/wordpress\/plugins\/seo\/ -->\n<title>W\u0142osy dystroficzne - czy mamy si\u0119 czego ba\u0107? - Blog | Estyl.pl<\/title>\n<meta name=\"description\" content=\"Ciemniejszy, szorstki, bardziej pokr\u0119cony? W\u0142osy dystroficzne to normalne zjawisko wystepuj\u0105ce u wi\u0119kszo\u015bci z nas. Dowied\u017a si\u0119 wi\u0119cej z naszego tekstu.\" \/>\n<meta name=\"robots\" content=\"index, follow, max-snippet:-1, max-image-preview:large, max-video-preview:-1\" \/>\n<link rel=\"canonical\" href=\"https:\/\/estyl.pl\/blog\/wlosy-dystroficzne-czy-mamy-sie-czego-bac\/\" \/>\n<meta property=\"og:locale\" content=\"pl_PL\" \/>\n<meta property=\"og:type\" content=\"article\" \/>\n<meta property=\"og:title\" content=\"W\u0142osy dystroficzne - czy mamy si\u0119 czego ba\u0107? - Blog | Estyl.pl\" \/>\n<meta property=\"og:description\" content=\"Ciemniejszy, szorstki, bardziej pokr\u0119cony? W\u0142osy dystroficzne to normalne zjawisko wystepuj\u0105ce u wi\u0119kszo\u015bci z nas. Dowied\u017a si\u0119 wi\u0119cej z naszego tekstu.\" \/>\n<meta property=\"og:url\" content=\"https:\/\/estyl.pl\/blog\/wlosy-dystroficzne-czy-mamy-sie-czego-bac\/\" \/>\n<meta property=\"og:site_name\" content=\"Blog | Estyl.pl\" \/>\n<meta property=\"article:published_time\" content=\"2023-04-18T09:27:00+00:00\" \/>\n<meta property=\"article:modified_time\" content=\"2023-07-05T11:27:55+00:00\" \/>\n<meta property=\"og:image\" content=\"https:\/\/estyl.pl\/blog\/wp-content\/uploads\/2020\/08\/w\u0142osy-dystroficzne.jpg\" \/>\n\t<meta property=\"og:image:width\" content=\"755\" \/>\n\t<meta property=\"og:image:height\" content=\"315\" \/>\n\t<meta property=\"og:image:type\" content=\"image\/jpeg\" \/>\n<meta name=\"author\" content=\"admin\" \/>\n<meta name=\"twitter:label1\" content=\"Napisane przez\" \/>\n\t<meta name=\"twitter:data1\" content=\"admin\" \/>\n\t<meta name=\"twitter:label2\" content=\"Szacowany czas czytania\" \/>\n\t<meta name=\"twitter:data2\" content=\"7 minut\" \/>\n<script type=\"application\/ld+json\" class=\"yoast-schema-graph\">{\"@context\":\"https:\/\/schema.org\",\"@graph\":[{\"@type\":\"WebPage\",\"@id\":\"https:\/\/estyl.pl\/blog\/wlosy-dystroficzne-czy-mamy-sie-czego-bac\/\",\"url\":\"https:\/\/estyl.pl\/blog\/wlosy-dystroficzne-czy-mamy-sie-czego-bac\/\",\"name\":\"W\u0142osy dystroficzne - czy mamy si\u0119 czego ba\u0107? - Blog | Estyl.pl\",\"isPartOf\":{\"@id\":\"https:\/\/estyl.pl\/blog\/#website\"},\"datePublished\":\"2023-04-18T09:27:00+00:00\",\"dateModified\":\"2023-07-05T11:27:55+00:00\",\"author\":{\"@id\":\"https:\/\/estyl.pl\/blog\/#\/schema\/person\/22fff2064045ce23be580e18ca255220\"},\"description\":\"Ciemniejszy, szorstki, bardziej pokr\u0119cony? W\u0142osy dystroficzne to normalne zjawisko wystepuj\u0105ce u wi\u0119kszo\u015bci z nas. Dowied\u017a si\u0119 wi\u0119cej z naszego tekstu.\",\"breadcrumb\":{\"@id\":\"https:\/\/estyl.pl\/blog\/wlosy-dystroficzne-czy-mamy-sie-czego-bac\/#breadcrumb\"},\"inLanguage\":\"pl-PL\",\"potentialAction\":[{\"@type\":\"ReadAction\",\"target\":[\"https:\/\/estyl.pl\/blog\/wlosy-dystroficzne-czy-mamy-sie-czego-bac\/\"]}]},{\"@type\":\"BreadcrumbList\",\"@id\":\"https:\/\/estyl.pl\/blog\/wlosy-dystroficzne-czy-mamy-sie-czego-bac\/#breadcrumb\",\"itemListElement\":[{\"@type\":\"ListItem\",\"position\":1,\"name\":\"Piel\u0119gnacja w\u0142os\u00f3w\",\"item\":\"https:\/\/estyl.pl\/blog\/pielegnacja-wlosow\/\"},{\"@type\":\"ListItem\",\"position\":2,\"name\":\"W\u0142osy dystroficzne &#8211; czy mamy si\u0119 czego ba\u0107?\"}]},{\"@type\":\"WebSite\",\"@id\":\"https:\/\/estyl.pl\/blog\/#website\",\"url\":\"https:\/\/estyl.pl\/blog\/\",\"name\":\"Blog | Estyl.pl\",\"description\":\"Kosmetyki do w\u0142os\u00f3w, porady, piel\u0119gnacja, stylizacja\",\"potentialAction\":[{\"@type\":\"SearchAction\",\"target\":{\"@type\":\"EntryPoint\",\"urlTemplate\":\"https:\/\/estyl.pl\/blog\/?s={search_term_string}\"},\"query-input\":\"required name=search_term_string\"}],\"inLanguage\":\"pl-PL\"},{\"@type\":\"Person\",\"@id\":\"https:\/\/estyl.pl\/blog\/#\/schema\/person\/22fff2064045ce23be580e18ca255220\",\"name\":\"admin\",\"url\":\"https:\/\/estyl.pl\/blog\/author\/admin\/\"}]}<\/script>\n<!-- \/ Yoast SEO plugin. -->","yoast_head_json":{"title":"W\u0142osy dystroficzne - czy mamy si\u0119 czego ba\u0107? - Blog | Estyl.pl","description":"Ciemniejszy, szorstki, bardziej pokr\u0119cony? W\u0142osy dystroficzne to normalne zjawisko wystepuj\u0105ce u wi\u0119kszo\u015bci z nas. Dowied\u017a si\u0119 wi\u0119cej z naszego tekstu.","robots":{"index":"index","follow":"follow","max-snippet":"max-snippet:-1","max-image-preview":"max-image-preview:large","max-video-preview":"max-video-preview:-1"},"canonical":"https:\/\/estyl.pl\/blog\/wlosy-dystroficzne-czy-mamy-sie-czego-bac\/","og_locale":"pl_PL","og_type":"article","og_title":"W\u0142osy dystroficzne - czy mamy si\u0119 czego ba\u0107? - Blog | Estyl.pl","og_description":"Ciemniejszy, szorstki, bardziej pokr\u0119cony? W\u0142osy dystroficzne to normalne zjawisko wystepuj\u0105ce u wi\u0119kszo\u015bci z nas. Dowied\u017a si\u0119 wi\u0119cej z naszego tekstu.","og_url":"https:\/\/estyl.pl\/blog\/wlosy-dystroficzne-czy-mamy-sie-czego-bac\/","og_site_name":"Blog | Estyl.pl","article_published_time":"2023-04-18T09:27:00+00:00","article_modified_time":"2023-07-05T11:27:55+00:00","og_image":[{"width":755,"height":315,"url":"https:\/\/estyl.pl\/blog\/wp-content\/uploads\/2020\/08\/w\u0142osy-dystroficzne.jpg","type":"image\/jpeg"}],"author":"admin","twitter_misc":{"Napisane przez":"admin","Szacowany czas czytania":"7 minut"},"schema":{"@context":"https:\/\/schema.org","@graph":[{"@type":"WebPage","@id":"https:\/\/estyl.pl\/blog\/wlosy-dystroficzne-czy-mamy-sie-czego-bac\/","url":"https:\/\/estyl.pl\/blog\/wlosy-dystroficzne-czy-mamy-sie-czego-bac\/","name":"W\u0142osy dystroficzne - czy mamy si\u0119 czego ba\u0107? - Blog | Estyl.pl","isPartOf":{"@id":"https:\/\/estyl.pl\/blog\/#website"},"datePublished":"2023-04-18T09:27:00+00:00","dateModified":"2023-07-05T11:27:55+00:00","author":{"@id":"https:\/\/estyl.pl\/blog\/#\/schema\/person\/22fff2064045ce23be580e18ca255220"},"description":"Ciemniejszy, szorstki, bardziej pokr\u0119cony? W\u0142osy dystroficzne to normalne zjawisko wystepuj\u0105ce u wi\u0119kszo\u015bci z nas. Dowied\u017a si\u0119 wi\u0119cej z naszego tekstu.","breadcrumb":{"@id":"https:\/\/estyl.pl\/blog\/wlosy-dystroficzne-czy-mamy-sie-czego-bac\/#breadcrumb"},"inLanguage":"pl-PL","potentialAction":[{"@type":"ReadAction","target":["https:\/\/estyl.pl\/blog\/wlosy-dystroficzne-czy-mamy-sie-czego-bac\/"]}]},{"@type":"BreadcrumbList","@id":"https:\/\/estyl.pl\/blog\/wlosy-dystroficzne-czy-mamy-sie-czego-bac\/#breadcrumb","itemListElement":[{"@type":"ListItem","position":1,"name":"Piel\u0119gnacja w\u0142os\u00f3w","item":"https:\/\/estyl.pl\/blog\/pielegnacja-wlosow\/"},{"@type":"ListItem","position":2,"name":"W\u0142osy dystroficzne &#8211; czy mamy si\u0119 czego ba\u0107?"}]},{"@type":"WebSite","@id":"https:\/\/estyl.pl\/blog\/#website","url":"https:\/\/estyl.pl\/blog\/","name":"Blog | Estyl.pl","description":"Kosmetyki do w\u0142os\u00f3w, porady, piel\u0119gnacja, stylizacja","potentialAction":[{"@type":"SearchAction","target":{"@type":"EntryPoint","urlTemplate":"https:\/\/estyl.pl\/blog\/?s={search_term_string}"},"query-input":"required name=search_term_string"}],"inLanguage":"pl-PL"},{"@type":"Person","@id":"https:\/\/estyl.pl\/blog\/#\/schema\/person\/22fff2064045ce23be580e18ca255220","name":"admin","url":"https:\/\/estyl.pl\/blog\/author\/admin\/"}]}},"_links":{"self":[{"href":"https:\/\/estyl.pl\/blog\/wp-json\/wp\/v2\/posts\/36758"}],"collection":[{"href":"https:\/\/estyl.pl\/blog\/wp-json\/wp\/v2\/posts"}],"about":[{"href":"https:\/\/estyl.pl\/blog\/wp-json\/wp\/v2\/types\/post"}],"author":[{"embeddable":true,"href":"https:\/\/estyl.pl\/blog\/wp-json\/wp\/v2\/users\/1"}],"replies":[{"embeddable":true,"href":"https:\/\/estyl.pl\/blog\/wp-json\/wp\/v2\/comments?post=36758"}],"version-history":[{"count":18,"href":"https:\/\/estyl.pl\/blog\/wp-json\/wp\/v2\/posts\/36758\/revisions"}],"predecessor-version":[{"id":39032,"href":"https:\/\/estyl.pl\/blog\/wp-json\/wp\/v2\/posts\/36758\/revisions\/39032"}],"wp:featuredmedia":[{"embeddable":true,"href":"https:\/\/estyl.pl\/blog\/wp-json\/wp\/v2\/media\/36763"}],"wp:attachment":[{"href":"https:\/\/estyl.pl\/blog\/wp-json\/wp\/v2\/media?parent=36758"}],"wp:term":[{"taxonomy":"category","embeddable":true,"href":"https:\/\/estyl.pl\/blog\/wp-json\/wp\/v2\/categories?post=36758"},{"taxonomy":"post_tag","embeddable":true,"href":"https:\/\/estyl.pl\/blog\/wp-json\/wp\/v2\/tags?post=36758"}],"curies":[{"name":"wp","href":"https:\/\/api.w.org\/{rel}","templated":true}]}}