{"id":38111,"date":"2021-10-22T12:15:34","date_gmt":"2021-10-22T10:15:34","guid":{"rendered":"https:\/\/estyl.pl\/blog\/?p=38111"},"modified":"2021-11-25T15:10:52","modified_gmt":"2021-11-25T13:10:52","slug":"black-friday-2021-kiedy-sie-przygotowac-na-kosmetyczne-okazje","status":"publish","type":"post","link":"https:\/\/estyl.pl\/blog\/black-friday-2021-kiedy-sie-przygotowac-na-kosmetyczne-okazje\/","title":{"rendered":"Black Friday 2021 &#8211; kiedy si\u0119 przygotowa\u0107 na kosmetyczne okazje"},"content":{"rendered":"<p>Mi\u0142o\u015bnicy zakup\u00f3w czekaj\u0105 ca\u0142y rok na Black Friday, czyli na jedn\u0105 z najwi\u0119kszych okazji do kupienia wymarzonych produkt\u00f3w w niezwykle niskich cenach. Promocjami obj\u0119te jest niemal\u017ce wszystko, mo\u017cna przebiera\u0107 w kategoriach. Jest to idealny moment do zaopatrzenia si\u0119 w obuwie, odzie\u017c, kosmetyki, sprz\u0119t elektroniczny, zabawki czy nawet artyku\u0142y dla zwierz\u0105t. W USA to w\u0142a\u015bnie w Black Friday 2021 mo\u017cna liczy\u0107 na najwi\u0119ksze wyprzeda\u017ce w roku, a w akcji bior\u0105 udzia\u0142 sklepy zar\u00f3wno stacjonarne, jak i internetowe. Jest to te\u017c \u015bwietna okazja do kupienia prezent\u00f3w dla bliskich. Czas pozna\u0107 najwa\u017cniejsze informacje, czyli Black Friday 2021 kiedy wypada i jak d\u0142ugo trwaj\u0105 promocje.<\/p>\n<p><!--more--><\/p>\n<h2>Black Friday 2021 &#8211; kiedy?<\/h2>\n<p>Wiele os\u00f3b czeka przez ca\u0142y rok na najwi\u0119ksze okazje cenowe, olbrzymie wyprzeda\u017ce pozwalaj\u0105ce na zakup przer\u00f3\u017cnych przedmiot\u00f3w ta\u0144szych o kilkadziesi\u0105t procent. Pojawia si\u0119 jednak pytanie, w jaki dok\u0142adnie dzie\u0144 przypada Black Friday, aby przypadkiem nie przegapi\u0107 okazji i potem \u017ca\u0142owa\u0107, \u017ce si\u0119 z nich nie skorzysta\u0142o. Warto zaznaczy\u0107 sobie w kalendarzu dat\u0119 <strong>26 listopada 2021, bo to w\u0142a\u015bnie tego dnia wypada Czarny Pi\u0105tek.<\/strong> Trzeba mie\u0107 na uwadze to, \u017ce Black Friday rozpoczyna si\u0119 ju\u017c po p\u00f3\u0142nocy, a \u0142owcy okazji nie \u015bpi\u0105. W niekt\u00f3rych sklepach asortyment zostaje wykupiony w ci\u0105gu kilkudziesi\u0119ciu minut przez Internaut\u00f3w.<\/p>\n<p><a href=\"https:\/\/estyl.pl\/\" target=\"_blank\" rel=\"noopener\"><img decoding=\"async\" loading=\"lazy\" class=\"aligncenter wp-image-38117 size-full\" title=\"Black Friday 2021\" src=\"https:\/\/estyl.pl\/blog\/wp-content\/uploads\/2021\/10\/Black-Friday-2021-Estyl.pl_.jpg\" alt=\"Black Friday 2021\" width=\"755\" height=\"315\" srcset=\"https:\/\/estyl.pl\/blog\/wp-content\/uploads\/2021\/10\/Black-Friday-2021-Estyl.pl_.jpg 755w, https:\/\/estyl.pl\/blog\/wp-content\/uploads\/2021\/10\/Black-Friday-2021-Estyl.pl_-300x125.jpg 300w, https:\/\/estyl.pl\/blog\/wp-content\/uploads\/2021\/10\/Black-Friday-2021-Estyl.pl_-580x242.jpg 580w, https:\/\/estyl.pl\/blog\/wp-content\/uploads\/2021\/10\/Black-Friday-2021-Estyl.pl_-261x109.jpg 261w\" sizes=\"(max-width: 755px) 100vw, 755px\" \/><\/a><\/p>\n<h2>Do kiedy trwa czarny pi\u0105tek?<\/h2>\n<p>Jako \u017ce Black Friday trwa z za\u0142o\u017cenia tylko jeden dzie\u0144, to nie ma co zwleka\u0107, warto dobrze si\u0119 przygotowa\u0107, aby nie przegapi\u0107 okazji do zrobienia udanych zakup\u00f3w w atrakcyjnych cenach. Niekt\u00f3rzy sprzedawcy przed\u0142u\u017caj\u0105 Black Friday i promocje obowi\u0105zuj\u0105 u nich przez a\u017c ca\u0142y weekend. W USA akcja Black Friday mo\u017ce rozpocz\u0105\u0107 si\u0119 nawet tydzie\u0144 czy miesi\u0105c przed ustalon\u0105 dat\u0119. Jest to jednak ju\u017c kwestia indywidualna, dlatego trzeba si\u0119 upewni\u0107, jak\u0105 ofert\u0119 przygotowa\u0142 konkretny sklep. Warto te\u017c mie\u0107 na uwadze to, \u017ce po Black Friday przypada Cyber Monday, czyli ogromna wyprzeda\u017c produkt\u00f3w elektronicznych. W sumie mo\u017cna liczy\u0107 na a\u017c cztery dni, podczas kt\u00f3rych trwaj\u0105 promocje. Jako \u017ce pami\u0119\u0107 bywa ulotna, to warto zapisa\u0107 si\u0119 do <a href=\"https:\/\/estyl.pl\/newsletter\/\">newslettera<\/a>, aby otrzyma\u0107 przypomnienie. B\u0119dzie to \u015bwietna opcja dla wszystkich os\u00f3b, nie tylko zabieganych i maj\u0105cych wiele spraw do za\u0142atwienia na g\u0142owie.<\/p>\n<p><a href=\"https:\/\/estyl.pl\/newsletter\/\"><img decoding=\"async\" loading=\"lazy\" class=\"alignleft wp-image-38119 size-full\" src=\"https:\/\/estyl.pl\/blog\/wp-content\/uploads\/2021\/10\/estyl_BF_KD_blog_755x200_1.jpg\" alt=\"\" width=\"755\" height=\"200\" srcset=\"https:\/\/estyl.pl\/blog\/wp-content\/uploads\/2021\/10\/estyl_BF_KD_blog_755x200_1.jpg 755w, https:\/\/estyl.pl\/blog\/wp-content\/uploads\/2021\/10\/estyl_BF_KD_blog_755x200_1-300x79.jpg 300w, https:\/\/estyl.pl\/blog\/wp-content\/uploads\/2021\/10\/estyl_BF_KD_blog_755x200_1-580x154.jpg 580w, https:\/\/estyl.pl\/blog\/wp-content\/uploads\/2021\/10\/estyl_BF_KD_blog_755x200_1-261x69.jpg 261w\" sizes=\"(max-width: 755px) 100vw, 755px\" \/><\/a><\/p>\n<h2>Black Friday idealn\u0105 okazj\u0105 na zakup kosmetyk\u00f3w<\/h2>\n<p>Dobrej jako\u015bci kosmetyki nie s\u0105 tanie, dlatego warto dobrze wykorzysta\u0107 Black Friday i zaopatrzy\u0107 si\u0119 w wymarzone produkty. <strong>Dla \u0142owc\u00f3w okazji jest to idealny moment na tanie zakupy. Na pr\u00f3\u017cno szuka\u0107 tak ogromnych obni\u017cek cenowych w ci\u0105gu ca\u0142ego roku, a koniec listopada to przecie\u017c idealny moment na zakup prezent\u00f3w \u015bwi\u0105tecznych. Kosmetyki to uniwersalny pomys\u0142 na upominek dos\u0142ownie dla ka\u017cdego, niezale\u017cnie od okazji, wieku czy p\u0142ci.<\/strong> Ze wzgl\u0119du na przyst\u0119pne ceny mo\u017cna wreszcie pozwoli\u0107 sobie na zakup produkt\u00f3w renomowanych marek, kt\u00f3re do tej pory by\u0142y poza zasi\u0119giem z powodu ograniczonego bud\u017cetu. Mo\u017cliwe staje si\u0119 skompletowanie ca\u0142ej kosmetyczki ulubionymi <a href=\"https:\/\/estyl.pl\/makijaz\">kosmetykami makija\u017cowymi<\/a> i piel\u0119gnacyjnymi. Do wyboru s\u0105 przer\u00f3\u017cne kremy, balsamy, od\u017cywki, serum, maski, pomadki, tusze do rz\u0119s, cienie do powiek, korektory, roz\u015bwietlacze, pudry, olejki, <a href=\"https:\/\/estyl.pl\/wlosy\/typy-produktu\/szampony\">szampony<\/a> i wiele wi\u0119cej. Nie brakuje te\u017c akcesori\u00f3w kosmetycznych, kt\u00f3re u\u0142atwiaj\u0105 codzienn\u0105 piel\u0119gnacj\u0119, pomagaj\u0105 poprawi\u0107 urod\u0119 i zachowa\u0107 m\u0142odzie\u0144czy wygl\u0105d przez d\u0142ugi czas.<\/p>\n","protected":false},"excerpt":{"rendered":"<p>Mi\u0142o\u015bnicy zakup\u00f3w czekaj\u0105 ca\u0142y rok na Black Friday, czyli na jedn\u0105 z najwi\u0119kszych okazji do kupienia wymarzonych produkt\u00f3w w niezwykle niskich cenach. Promocjami obj\u0119te jest niemal\u017ce wszystko, mo\u017cna przebiera\u0107 w kategoriach. Jest to idealny moment do zaopatrzenia si\u0119 w obuwie, odzie\u017c, kosmetyki, sprz\u0119t elektroniczny, zabawki czy nawet artyku\u0142y dla zwierz\u0105t. W USA to w\u0142a\u015bnie w [&hellip;]<\/p>\n","protected":false},"author":22,"featured_media":38117,"comment_status":"open","ping_status":"open","sticky":false,"template":"","format":"standard","meta":{"_eb_attr":""},"categories":[2091],"tags":[2602,683,2357,2510],"acf":[],"yoast_head":"<!-- This site is optimized with the Yoast SEO plugin v20.8 - https:\/\/yoast.com\/wordpress\/plugins\/seo\/ -->\n<title>Black Friday 2021 - kiedy si\u0119 przygotowa\u0107 na kosmetyczne okazje - Blog | Estyl.pl<\/title>\n<meta name=\"description\" content=\"Black Friday 2021 - idealny moment na upolowanie okazji kosmetycznych w Estyl.pl! Zaplanuj ten czas wcze\u015bniej zapisuj\u0105c si\u0119 do newslettera.\" \/>\n<meta name=\"robots\" content=\"index, follow, max-snippet:-1, max-image-preview:large, max-video-preview:-1\" \/>\n<link rel=\"canonical\" href=\"https:\/\/estyl.pl\/blog\/black-friday-2021-kiedy-sie-przygotowac-na-kosmetyczne-okazje\/\" \/>\n<meta property=\"og:locale\" content=\"pl_PL\" \/>\n<meta property=\"og:type\" content=\"article\" \/>\n<meta property=\"og:title\" content=\"Black Friday 2021 - kiedy si\u0119 przygotowa\u0107 na kosmetyczne okazje - Blog | Estyl.pl\" \/>\n<meta property=\"og:description\" content=\"Black Friday 2021 - idealny moment na upolowanie okazji kosmetycznych w Estyl.pl! Zaplanuj ten czas wcze\u015bniej zapisuj\u0105c si\u0119 do newslettera.\" \/>\n<meta property=\"og:url\" content=\"https:\/\/estyl.pl\/blog\/black-friday-2021-kiedy-sie-przygotowac-na-kosmetyczne-okazje\/\" \/>\n<meta property=\"og:site_name\" content=\"Blog | Estyl.pl\" \/>\n<meta property=\"article:published_time\" content=\"2021-10-22T10:15:34+00:00\" \/>\n<meta property=\"article:modified_time\" content=\"2021-11-25T13:10:52+00:00\" \/>\n<meta property=\"og:image\" content=\"https:\/\/estyl.pl\/blog\/wp-content\/uploads\/2021\/10\/Black-Friday-2021-Estyl.pl_.jpg\" \/>\n\t<meta property=\"og:image:width\" content=\"755\" \/>\n\t<meta property=\"og:image:height\" content=\"315\" \/>\n\t<meta property=\"og:image:type\" content=\"image\/jpeg\" \/>\n<meta name=\"author\" content=\"Klaudia\" \/>\n<meta name=\"twitter:label1\" content=\"Napisane przez\" \/>\n\t<meta name=\"twitter:data1\" content=\"Klaudia\" \/>\n\t<meta name=\"twitter:label2\" content=\"Szacowany czas czytania\" \/>\n\t<meta name=\"twitter:data2\" content=\"3 minuty\" \/>\n<script type=\"application\/ld+json\" class=\"yoast-schema-graph\">{\"@context\":\"https:\/\/schema.org\",\"@graph\":[{\"@type\":\"WebPage\",\"@id\":\"https:\/\/estyl.pl\/blog\/black-friday-2021-kiedy-sie-przygotowac-na-kosmetyczne-okazje\/\",\"url\":\"https:\/\/estyl.pl\/blog\/black-friday-2021-kiedy-sie-przygotowac-na-kosmetyczne-okazje\/\",\"name\":\"Black Friday 2021 - kiedy si\u0119 przygotowa\u0107 na kosmetyczne okazje - Blog | Estyl.pl\",\"isPartOf\":{\"@id\":\"https:\/\/estyl.pl\/blog\/#website\"},\"datePublished\":\"2021-10-22T10:15:34+00:00\",\"dateModified\":\"2021-11-25T13:10:52+00:00\",\"author\":{\"@id\":\"https:\/\/estyl.pl\/blog\/#\/schema\/person\/97e7f65c172a06eeea9405976e91d9c2\"},\"description\":\"Black Friday 2021 - idealny moment na upolowanie okazji kosmetycznych w Estyl.pl! Zaplanuj ten czas wcze\u015bniej zapisuj\u0105c si\u0119 do newslettera.\",\"breadcrumb\":{\"@id\":\"https:\/\/estyl.pl\/blog\/black-friday-2021-kiedy-sie-przygotowac-na-kosmetyczne-okazje\/#breadcrumb\"},\"inLanguage\":\"pl-PL\",\"potentialAction\":[{\"@type\":\"ReadAction\",\"target\":[\"https:\/\/estyl.pl\/blog\/black-friday-2021-kiedy-sie-przygotowac-na-kosmetyczne-okazje\/\"]}]},{\"@type\":\"BreadcrumbList\",\"@id\":\"https:\/\/estyl.pl\/blog\/black-friday-2021-kiedy-sie-przygotowac-na-kosmetyczne-okazje\/#breadcrumb\",\"itemListElement\":[{\"@type\":\"ListItem\",\"position\":1,\"name\":\"Lifestyle\",\"item\":\"https:\/\/estyl.pl\/blog\/lifestyle-2\/\"},{\"@type\":\"ListItem\",\"position\":2,\"name\":\"Black Friday 2021 &#8211; kiedy si\u0119 przygotowa\u0107 na kosmetyczne okazje\"}]},{\"@type\":\"WebSite\",\"@id\":\"https:\/\/estyl.pl\/blog\/#website\",\"url\":\"https:\/\/estyl.pl\/blog\/\",\"name\":\"Blog | Estyl.pl\",\"description\":\"Kosmetyki do w\u0142os\u00f3w, porady, piel\u0119gnacja, stylizacja\",\"potentialAction\":[{\"@type\":\"SearchAction\",\"target\":{\"@type\":\"EntryPoint\",\"urlTemplate\":\"https:\/\/estyl.pl\/blog\/?s={search_term_string}\"},\"query-input\":\"required name=search_term_string\"}],\"inLanguage\":\"pl-PL\"},{\"@type\":\"Person\",\"@id\":\"https:\/\/estyl.pl\/blog\/#\/schema\/person\/97e7f65c172a06eeea9405976e91d9c2\",\"name\":\"Klaudia\",\"url\":\"https:\/\/estyl.pl\/blog\/author\/klaudia\/\"}]}<\/script>\n<!-- \/ Yoast SEO plugin. -->","yoast_head_json":{"title":"Black Friday 2021 - kiedy si\u0119 przygotowa\u0107 na kosmetyczne okazje - Blog | Estyl.pl","description":"Black Friday 2021 - idealny moment na upolowanie okazji kosmetycznych w Estyl.pl! Zaplanuj ten czas wcze\u015bniej zapisuj\u0105c si\u0119 do newslettera.","robots":{"index":"index","follow":"follow","max-snippet":"max-snippet:-1","max-image-preview":"max-image-preview:large","max-video-preview":"max-video-preview:-1"},"canonical":"https:\/\/estyl.pl\/blog\/black-friday-2021-kiedy-sie-przygotowac-na-kosmetyczne-okazje\/","og_locale":"pl_PL","og_type":"article","og_title":"Black Friday 2021 - kiedy si\u0119 przygotowa\u0107 na kosmetyczne okazje - Blog | Estyl.pl","og_description":"Black Friday 2021 - idealny moment na upolowanie okazji kosmetycznych w Estyl.pl! Zaplanuj ten czas wcze\u015bniej zapisuj\u0105c si\u0119 do newslettera.","og_url":"https:\/\/estyl.pl\/blog\/black-friday-2021-kiedy-sie-przygotowac-na-kosmetyczne-okazje\/","og_site_name":"Blog | Estyl.pl","article_published_time":"2021-10-22T10:15:34+00:00","article_modified_time":"2021-11-25T13:10:52+00:00","og_image":[{"width":755,"height":315,"url":"https:\/\/estyl.pl\/blog\/wp-content\/uploads\/2021\/10\/Black-Friday-2021-Estyl.pl_.jpg","type":"image\/jpeg"}],"author":"Klaudia","twitter_misc":{"Napisane przez":"Klaudia","Szacowany czas czytania":"3 minuty"},"schema":{"@context":"https:\/\/schema.org","@graph":[{"@type":"WebPage","@id":"https:\/\/estyl.pl\/blog\/black-friday-2021-kiedy-sie-przygotowac-na-kosmetyczne-okazje\/","url":"https:\/\/estyl.pl\/blog\/black-friday-2021-kiedy-sie-przygotowac-na-kosmetyczne-okazje\/","name":"Black Friday 2021 - kiedy si\u0119 przygotowa\u0107 na kosmetyczne okazje - Blog | Estyl.pl","isPartOf":{"@id":"https:\/\/estyl.pl\/blog\/#website"},"datePublished":"2021-10-22T10:15:34+00:00","dateModified":"2021-11-25T13:10:52+00:00","author":{"@id":"https:\/\/estyl.pl\/blog\/#\/schema\/person\/97e7f65c172a06eeea9405976e91d9c2"},"description":"Black Friday 2021 - idealny moment na upolowanie okazji kosmetycznych w Estyl.pl! Zaplanuj ten czas wcze\u015bniej zapisuj\u0105c si\u0119 do newslettera.","breadcrumb":{"@id":"https:\/\/estyl.pl\/blog\/black-friday-2021-kiedy-sie-przygotowac-na-kosmetyczne-okazje\/#breadcrumb"},"inLanguage":"pl-PL","potentialAction":[{"@type":"ReadAction","target":["https:\/\/estyl.pl\/blog\/black-friday-2021-kiedy-sie-przygotowac-na-kosmetyczne-okazje\/"]}]},{"@type":"BreadcrumbList","@id":"https:\/\/estyl.pl\/blog\/black-friday-2021-kiedy-sie-przygotowac-na-kosmetyczne-okazje\/#breadcrumb","itemListElement":[{"@type":"ListItem","position":1,"name":"Lifestyle","item":"https:\/\/estyl.pl\/blog\/lifestyle-2\/"},{"@type":"ListItem","position":2,"name":"Black Friday 2021 &#8211; kiedy si\u0119 przygotowa\u0107 na kosmetyczne okazje"}]},{"@type":"WebSite","@id":"https:\/\/estyl.pl\/blog\/#website","url":"https:\/\/estyl.pl\/blog\/","name":"Blog | Estyl.pl","description":"Kosmetyki do w\u0142os\u00f3w, porady, piel\u0119gnacja, stylizacja","potentialAction":[{"@type":"SearchAction","target":{"@type":"EntryPoint","urlTemplate":"https:\/\/estyl.pl\/blog\/?s={search_term_string}"},"query-input":"required name=search_term_string"}],"inLanguage":"pl-PL"},{"@type":"Person","@id":"https:\/\/estyl.pl\/blog\/#\/schema\/person\/97e7f65c172a06eeea9405976e91d9c2","name":"Klaudia","url":"https:\/\/estyl.pl\/blog\/author\/klaudia\/"}]}},"_links":{"self":[{"href":"https:\/\/estyl.pl\/blog\/wp-json\/wp\/v2\/posts\/38111"}],"collection":[{"href":"https:\/\/estyl.pl\/blog\/wp-json\/wp\/v2\/posts"}],"about":[{"href":"https:\/\/estyl.pl\/blog\/wp-json\/wp\/v2\/types\/post"}],"author":[{"embeddable":true,"href":"https:\/\/estyl.pl\/blog\/wp-json\/wp\/v2\/users\/22"}],"replies":[{"embeddable":true,"href":"https:\/\/estyl.pl\/blog\/wp-json\/wp\/v2\/comments?post=38111"}],"version-history":[{"count":6,"href":"https:\/\/estyl.pl\/blog\/wp-json\/wp\/v2\/posts\/38111\/revisions"}],"predecessor-version":[{"id":38121,"href":"https:\/\/estyl.pl\/blog\/wp-json\/wp\/v2\/posts\/38111\/revisions\/38121"}],"wp:featuredmedia":[{"embeddable":true,"href":"https:\/\/estyl.pl\/blog\/wp-json\/wp\/v2\/media\/38117"}],"wp:attachment":[{"href":"https:\/\/estyl.pl\/blog\/wp-json\/wp\/v2\/media?parent=38111"}],"wp:term":[{"taxonomy":"category","embeddable":true,"href":"https:\/\/estyl.pl\/blog\/wp-json\/wp\/v2\/categories?post=38111"},{"taxonomy":"post_tag","embeddable":true,"href":"https:\/\/estyl.pl\/blog\/wp-json\/wp\/v2\/tags?post=38111"}],"curies":[{"name":"wp","href":"https:\/\/api.w.org\/{rel}","templated":true}]}}