{"id":39426,"date":"2025-08-12T11:44:18","date_gmt":"2025-08-12T09:44:18","guid":{"rendered":"https:\/\/estyl.pl\/blog\/?p=39426"},"modified":"2025-08-12T12:48:27","modified_gmt":"2025-08-12T10:48:27","slug":"for-every-you-od-schwarzkopf-professional-twoja-unikalna-rutyna-pielegnacji-wlosow","status":"publish","type":"post","link":"https:\/\/estyl.pl\/blog\/for-every-you-od-schwarzkopf-professional-twoja-unikalna-rutyna-pielegnacji-wlosow\/","title":{"rendered":"FOR EVERY YOU od Schwarzkopf Professional: Twoja unikalna rutyna piel\u0119gnacji w\u0142os\u00f3w"},"content":{"rendered":"\n<p>\u017byjemy w erze personalizacji. Od playlist muzycznych po plany dietetyczne \u2013 oczekujemy rozwi\u0105za\u0144 szytych na miar\u0119. Dlaczego piel\u0119gnacja w\u0142os\u00f3w mia\u0142aby by\u0107 inna?<\/p>\n\n\n\n<p>Podej\u015bcie \u201ejeden produkt dla ka\u017cdego\u201d to ju\u017c przesz\u0142o\u015b\u0107. Personalizacja to nowy standard, a Schwarzkopf Professional nie tylko za nim pod\u0105\u017ca, ale go wsp\u00f3\u0142tworzy pod has\u0142em FOR EVERY YOU, kt\u00f3re jest manifestem indywidualnego podej\u015bcia do ka\u017cdej osoby i ka\u017cdego rodzaju w\u0142os\u00f3w. Ta idea jest prosta, ale rewolucyjna: Twoje <a href=\"https:\/\/estyl.pl\/wlosy\" data-internallinksmanager029f6b8e52c=\"2\" title=\"w\u0142osy\">w\u0142osy<\/a>, Twoja sk\u00f3ra g\u0142owy, Tw\u00f3j styl \u017cycia \u2013 wszystko to jest unikalne. I w\u0142a\u015bnie dlatego zas\u0142ugujesz na piel\u0119gnacj\u0119, dopasowan\u0105 do potrzeb Twoich i Twoich w\u0142os\u00f3w. Odkryj na eSTYL.pl, jak stworzy\u0107 rytua\u0142 piel\u0119gnacyjny, kt\u00f3ry b\u0119dzie naprawd\u0119 Tw\u00f3j.<\/p>\n\n\n\n<!--more-->\n\n\n\n<h2 class=\"wp-block-heading\"><br>Co oznacza FOR EVERY YOU od Schwarzkopf Professional?<\/h2>\n\n\n\n<p>To wi\u0119cej ni\u017c has\u0142o reklamowe. FOR EVERY YOU to zobowi\u0105zanie Schwarzkopf Professional do dostarczania rozwi\u0105za\u0144 dla ka\u017cdej i ka\u017cdego z Was. To \u015bwiadomo\u015b\u0107, \u017ce Twoje w\u0142osy opowiadaj\u0105 Twoj\u0105 indywidualn\u0105 histori\u0119 \u2013 o Twoich potrzebach, marzeniach i stylu. Niezale\u017cnie od tego, czy walczysz z wra\u017cliw\u0105 sk\u00f3r\u0105 g\u0142owy, chcesz chroni\u0107 idealny blond, czy marzysz o wi\u0119kszej obj\u0119to\u015bci \u2013 Schwarzkopf Professional, daje Ci narz\u0119dzia, by sta\u0107 si\u0119 najlepsz\u0105 wersj\u0105 siebie.<\/p>\n\n\n\n<h2 class=\"wp-block-heading\"><br>Zacznij od siebie \u2013 poznaj swoje w\u0142osy<\/h2>\n\n\n\n<p>Brzmi jak bana\u0142, ale to naprawd\u0119 pierwszy krok. Czy Twoje w\u0142osy s\u0105 cienkie i delikatne? Farbowane na ch\u0142odny blond? A mo\u017ce ko\u0144ce w\u0142os\u00f3w bywaj\u0105 przesuszone? Piel\u0119gnacja to nie tylko wyb\u00f3r szamponu z \u0142adnym zapachem. To strategia. Schwarzkopf Professional oferuje dzi\u015b pe\u0142en wachlarz linii, kt\u00f3re mo\u017cna ze sob\u0105 \u0142\u0105czy\u0107 \u2013 i tu zaczyna si\u0119 magia personalizacji.<\/p>\n\n\n<div class=\"wp-block-image\">\n<figure class=\"aligncenter size-full\"><img decoding=\"async\" loading=\"lazy\" width=\"1200\" height=\"675\" src=\"https:\/\/estyl.pl\/blog\/wp-content\/uploads\/2025\/08\/2.jpg\" alt=\"\" class=\"wp-image-39431\" srcset=\"https:\/\/estyl.pl\/blog\/wp-content\/uploads\/2025\/08\/2.jpg 1200w, https:\/\/estyl.pl\/blog\/wp-content\/uploads\/2025\/08\/2-300x169.jpg 300w, https:\/\/estyl.pl\/blog\/wp-content\/uploads\/2025\/08\/2-580x326.jpg 580w, https:\/\/estyl.pl\/blog\/wp-content\/uploads\/2025\/08\/2-768x432.jpg 768w, https:\/\/estyl.pl\/blog\/wp-content\/uploads\/2025\/08\/2-755x425.jpg 755w, https:\/\/estyl.pl\/blog\/wp-content\/uploads\/2025\/08\/2-261x147.jpg 261w\" sizes=\"(max-width: 1200px) 100vw, 1200px\" \/><\/figure><\/div>\n\n\n<h2 class=\"wp-block-heading\">Rutyna, kt\u00f3ra staje si\u0119 rytua\u0142em<\/h2>\n\n\n\n<p>Coraz wi\u0119cej kobiet i m\u0119\u017cczyzn traktuje piel\u0119gnacj\u0119 w\u0142os\u00f3w jak cz\u0119\u015b\u0107 codziennego rytua\u0142u \u2013 porannego, wieczornego albo weekendowego. To co\u015b wi\u0119cej ni\u017c higiena \u2013 to chwila dla siebie, w kt\u00f3rej wracasz do tego, co naturalne, do dotyku, do zapachu. Schwarzkopf Professional staje si\u0119 towarzyszem tych chwil \u2013 oferuj\u0105c elastyczne i eksperckie rozwi\u0105zania, kt\u00f3re naturalnie wpisuj\u0105 si\u0119 w rytua\u0142y Twojej piel\u0119gnacji.<\/p>\n\n\n\n<p>W ostatnich miesi\u0105cach coraz wi\u0119ksz\u0105 popularno\u015b\u0107 zdobywaj\u0105 inspiracje rutynami piel\u0119gnacyjnymi fryzjerek, influencerek i specjalistek. Ich podej\u015bcie opiera si\u0119 na \u0142\u0105czeniu produkt\u00f3w z r\u00f3\u017cnych linii, budowaniu piel\u0119gnacji warstwowej i \u015bwiadomym doborze sk\u0142adnik\u00f3w \u2013 dok\u0142adnie jak w przypadku piel\u0119gnacji twarzy.<\/p>\n\n\n\n<p><\/p>\n\n\n\n<h2 class=\"wp-block-heading\">Etap 1: Mycie \u2013 Wybierz swoje idealne oczyszczenie<\/h2>\n\n\n\n<p>Do codziennego stosowania idealny b\u0119dzie BLONDME BOND REPAIR SZAMPON WZMACNIAJ\u0104CO-NAWIL\u017bAJ\u0104CY. Delikatnie oczy\u015bci, a dzi\u0119ki technologii Bond Repair, olejkowi ze s\u0142odkich migda\u0142\u00f3w i ekstraktowi z bia\u0142ej herbaty, ju\u017c podczas mycia wzmocni w\u0142osy, doda im blasku i mi\u0119kko\u015bci.<br>A je\u015bli Tw\u00f3j blond potrzebuje och\u0142odzenia? Si\u0119gnij po BLONDME BOND REPAIR SZAMPON NEUTRALIZUJ\u0104CY. Jego fioletowa formu\u0142a z ekstraktem z kwiatu chabra delikatnie oczy\u015bci i dostarczy ch\u0142odnych pigment\u00f3w, by zneutralizowa\u0107 niechciane \u017c\u00f3\u0142te tony. <strong>Si\u0119gaj po niego wtedy, gdy tego potrzebujesz \u2013 to w\u0142a\u015bnie praktyczne oblicze FOR EVERY YOU<\/strong>.<\/p>\n\n\n\n<p><a href=\"https:\/\/estyl.pl\/schwarzkopf-blondme-bond-repair-odzywczy-szampon-do-wlosow-blond-i-rozjasnionych-300ml\" target=\"_blank\" rel=\"noreferrer noopener\">BlondMe Bond Repair | Od\u017cywczy szampon do w\u0142os\u00f3w blond i rozja\u015bnionych 300ml<\/a><\/p>\n\n\n\n<p><a href=\"https:\/\/estyl.pl\/schwarzkopf-blondme-bond-repair-nablyszczajacy-szampon-do-wlosow-blond-i-rozjasnianych-300ml\" target=\"_blank\" rel=\"noreferrer noopener\">BlondMe Bond Repair | Nab\u0142yszczaj\u0105cy szampon do w\u0142os\u00f3w blond i rozja\u015bnianych 300ml<\/a><\/p>\n\n\n\n<p><a href=\"https:\/\/estyl.pl\/schwarzkopf-blondme-bond-repair-fioletowy-szampon-do-wlosow-blond-300ml\" target=\"_blank\" rel=\"noreferrer noopener\">BlondMe Bond Repair | Fioletowy szampon do w\u0142os\u00f3w blond 300ml<\/a><\/p>\n\n\n\n<h2 class=\"wp-block-heading\">Etap 2: Regeneracja \u2013G\u0142\u0119boka odbudowa dostosowana do Ciebie<\/h2>\n\n\n\n<p>Po oczyszczeniu nadchodzi moment na prawdziwy zastrzyk regeneracji dla Twoich w\u0142os\u00f3w, by odbudowa\u0107 ich wewn\u0119trzn\u0105 si\u0142\u0119 i blask.<\/p>\n\n\n\n<p>Podaruj im cotygodniowy luksus z BLONDME BONDFINITY MASK\u0104 G\u0141\u0118BOKO REGENERUJ\u0104C\u0104. Wystarczy kilka minut, by jej bogata formu\u0142a wnikn\u0119\u0142a g\u0142\u0119boko, tworz\u0105c nowe, wzmacniaj\u0105ce wi\u0105zania oraz przywracaj\u0105c pasmom jedwabist\u0105 mi\u0119kko\u015b\u0107. To rytua\u0142 ratunkowy dla w\u0142os\u00f3w potrzebuj\u0105cych intensywnej odnowy.<\/p>\n\n\n\n<p>A na co dzie\u0144, lub gdy pragniesz wielowymiarowego wsparcia \u2013 zw\u0142aszcza je\u015bli Twoje w\u0142osy s\u0105 rozja\u015bniane \u2013 si\u0119gnij po wszechstronny BLONDME BONDFINITY <a href=\"https:\/\/estyl.pl\/davines-oi-oil-olejek-do-wlosow-50ml\" data-internallinksmanager029f6b8e52c=\"9\" title=\"Davines Oi Oi olejek do w\u0142os\u00f3w\" target=\"_blank\" rel=\"noopener\">OLEJEK<\/a> G\u0141\u0118BOKO REGENERUJ\u0104CY. Ten eliksir nie tylko odbudowuje i wyg\u0142adza powierzchni\u0119 w\u0142osa, ale tak\u017ce chroni przed puszeniem przez ca\u0142\u0105 dob\u0119 i tworzy niewidzialn\u0105 tarcz\u0119 ochronn\u0105 przed wysok\u0105 temperatur\u0105 narz\u0119dzi do stylizacji (do 230\u00b0C). Mo\u017cesz go tak\u017ce z powodzeniem u\u017cy\u0107 jako upi\u0119kszaj\u0105c\u0105, regeneruj\u0105c\u0105 kuracj\u0119 na noc, by rano powita\u0107 dzie\u0144 z jeszcze pi\u0119kniejszymi w\u0142osami.<\/p>\n\n\n\n<p>Prawdziwe pi\u0119kno filozofii FOR EVERY YOU tkwi w\u0142a\u015bnie w tym luksusie wyboru. Zwr\u00f3\u0107 uwag\u0119 na aktualne potrzeby swoich w\u0142os\u00f3w i zdecyduj, czy dzi\u015b potrzebuj\u0105 one g\u0142\u0119bokiej regeneracji mask\u0105, czy mo\u017ce wszechstronnej piel\u0119gnacji i ochrony, jak\u0105 oferuje olejek.<\/p>\n\n\n\n<p><a href=\"https:\/\/estyl.pl\/schwarzkopf-blondme-bond-repair-odzywka-do-wlosow-blond-i-rozjasnianych-250ml\" target=\"_blank\" rel=\"noreferrer noopener\">BlondMe Bond Repair | Od\u017cywka do w\u0142os\u00f3w blond i rozja\u015bnianych 250ml<\/a><\/p>\n\n\n\n<p><a href=\"https:\/\/estyl.pl\/schwarzkopf-blondme-bond-repair-odzywcza-maska-do-wlosow-blond-i-rozjasnianych-200ml\" target=\"_blank\" rel=\"noreferrer noopener\">BlondMe Bond Repair | Od\u017cywcza maska do w\u0142os\u00f3w blond i rozja\u015bnianych 200ml<\/a><\/p>\n\n\n\n<p><a href=\"https:\/\/estyl.pl\/schwarzkopf-blondme-bond-repair-fioletowa-odzywka-do-wlosow-blond-i-rozjasnianych-250ml\" target=\"_blank\" rel=\"noreferrer noopener\">BlondMe Bond Repair | Fioletowa od\u017cywka do w\u0142os\u00f3w blond i rozja\u015bnianych 250ml<\/a><\/p>\n\n\n\n<p><a href=\"https:\/\/estyl.pl\/schwarzkopf-blondme-bond-repair-fioletowa-odzywka-w-sprayu-do-wlosow-blond-i-rozjasnianych-150ml\" target=\"_blank\" rel=\"noreferrer noopener\">BlondMe Bond Repair | Fioletowa od\u017cywka w sprayu do w\u0142os\u00f3w blond i rozja\u015bnianych 150ml<\/a><\/p>\n\n\n\n<h2 class=\"wp-block-heading\">Etap 3: Piel\u0119gnacja ko\u0144cowa \u2013 Luksusowe wyko\u0144czenie dla Twoich w\u0142os\u00f3w<\/h2>\n\n\n\n<p>Zadbane w\u0142osy zas\u0142uguj\u0105 na perfekcyjne wyko\u0144czenie. Wybierz opcj\u0119 najlepsz\u0105 dla siebie:<br>Marzysz o intensywnym od\u017cywieniu i wyg\u0142adzeniu, zw\u0142aszcza na ko\u0144cach? Luksusowy OIL ULTIME OLEJEK DO PIEL\u0118GNACJI KO\u0143COWEJ Z OPUNCJI FIGOWEJ b\u0119dzie strza\u0142em w dziesi\u0105tk\u0119. Jego bogata formu\u0142a z naturalnymi antyoksydantami chroni w\u0142osy, nawil\u017ca i nadaje im pi\u0119kny po\u0142ysk.<br>A mo\u017ce Twoim celem jest scalenie struktury w\u0142osa, ochrona przed puszeniem i przygotowanie do stylizacji? Si\u0119gnij po BLONDME BOND REPAIR BALSAM SCALAJ\u0104CY. Wyg\u0142adza, chroni przed elektryzowaniem i wysok\u0105 temperatur\u0105 (do 230\u00b0C), redukuje \u0142amliwo\u015b\u0107 nawet o 90% i dodaje zdrowego blasku. To wszechstronna ochrona FOR EVERY YOU.<\/p>\n\n\n\n<p><a href=\"https:\/\/estyl.pl\/schwarzkopf-blondme-bondfinity-gleboko-regenerujacy-olejek-do-wlosow-blond-i-rozjasnianych-50ml\" target=\"_blank\" rel=\"noreferrer noopener\">BlondMe Bondfinity | G\u0142\u0119boko regeneruj\u0105cy olejek do w\u0142os\u00f3w blond i rozja\u015bnianych 50ml<\/a><\/p>\n\n\n\n<p><a href=\"https:\/\/estyl.pl\/schwarzkopf-blondme-bondfinity-gleboko-regenerujaca-maska-do-wlosow-blond-i-rozjasnianych-200ml\" target=\"_blank\" rel=\"noreferrer noopener\">BlondMe Bondfinity | G\u0142\u0119boko regeneruj\u0105ca maska do w\u0142os\u00f3w blond i rozja\u015bnianych 200ml<\/a><\/p>\n\n\n\n<p><a href=\"https:\/\/estyl.pl\/schwarzkopf-blondme-bond-repair-balsam-wygladzajacy-do-wlosow-blond-i-rozjasnianych-75ml\" target=\"_blank\" rel=\"noreferrer noopener\">BlondMe Bond Repair | Balsam wyg\u0142adzaj\u0105cy do w\u0142os\u00f3w blond i rozja\u015bnianych 75ml<\/a><\/p>\n\n\n\n<h2 class=\"wp-block-heading\">KROK 4: Stylizacja \u2013 Wyra\u017a siebie bez ogranicze\u0144<\/h2>\n\n\n\n<p>Piel\u0119gnacja to jedno, ale stylizacja to spos\u00f3b na wyra\u017cenie siebie. Z <strong>OSIS GRIP SUPERMOCN\u0104 PIANK\u0104<\/strong> masz pe\u0142n\u0105 kontrol\u0119. Ta ekstremalnie mocna pianka zapewni Twojej fryzurze d\u0142ugotrwa\u0142e utrwalenie i maksymaln\u0105 obj\u0119to\u015b\u0107, nie obci\u0105\u017caj\u0105c przy tym w\u0142os\u00f3w. Dodatkowo chroni przed dzia\u0142aniem wysokiej temperatury.<\/p>\n\n\n\n<p><a href=\"https:\/\/estyl.pl\/schwarzkopf-osis-grip-pianka-bardzo-mocno-utrwalajaca-200ml\" target=\"_blank\" rel=\"noreferrer noopener\">Osis Grip | Pianka bardzo mocno utrwalaj\u0105ca 200ml &#8211; Schwarzkopf<\/a><\/p>\n\n\n\n<p><a href=\"https:\/\/estyl.pl\/schwarzkopf-osis-sparkler-spray-nablyszczajacy-300-ml\" target=\"_blank\" rel=\"noreferrer noopener\">Osis Sparkler | Spray nab\u0142yszczaj\u0105cy 300ml &#8211; Schwarzkopf<\/a><\/p>\n\n\n\n<p><a href=\"https:\/\/estyl.pl\/schwarzkopf-osis-volume-up-spray-nadajacy-objetosc-300ml\" target=\"_blank\" rel=\"noreferrer noopener\">Osis Volume Up | Spray nadaj\u0105cy obj\u0119to\u015b\u0107 300ml<\/a><\/p>\n\n\n<div class=\"wp-block-image\">\n<figure class=\"aligncenter size-full\"><img decoding=\"async\" loading=\"lazy\" width=\"1200\" height=\"675\" src=\"https:\/\/estyl.pl\/blog\/wp-content\/uploads\/2025\/08\/3.jpg\" alt=\"\" class=\"wp-image-39430\" srcset=\"https:\/\/estyl.pl\/blog\/wp-content\/uploads\/2025\/08\/3.jpg 1200w, https:\/\/estyl.pl\/blog\/wp-content\/uploads\/2025\/08\/3-300x169.jpg 300w, https:\/\/estyl.pl\/blog\/wp-content\/uploads\/2025\/08\/3-580x326.jpg 580w, https:\/\/estyl.pl\/blog\/wp-content\/uploads\/2025\/08\/3-768x432.jpg 768w, https:\/\/estyl.pl\/blog\/wp-content\/uploads\/2025\/08\/3-755x425.jpg 755w, https:\/\/estyl.pl\/blog\/wp-content\/uploads\/2025\/08\/3-261x147.jpg 261w\" sizes=\"(max-width: 1200px) 100vw, 1200px\" \/><\/figure><\/div>\n\n\n<h2 class=\"wp-block-heading\">Tw\u00f3j styl, Twoje zasady<\/h2>\n\n\n\n<p>\u015awiadoma piel\u0119gnacja w\u0142os\u00f3w to dzi\u015b nie tylko domena salon\u00f3w fryzjerskich. To codzienno\u015b\u0107, kt\u00f3r\u0105 mo\u017cesz kszta\u0142towa\u0107 zale\u017cnie od pory roku, stanu sk\u00f3ry g\u0142owy, fryzury czy po prostu nastroju. Schwarzkopf Professional daje Ci do tego narz\u0119dzia. To Ty decydujesz, jak je po\u0142\u0105czysz, by najlepiej odpowiedzie\u0107 na potrzeby Twoich w\u0142os\u00f3w danego dnia, tygodnia czy miesi\u0105ca. Jednego dnia wybierasz mask\u0119, innego olejek, w odpowiednim momencie si\u0119gasz po fioletowy szampon. Budujesz zdrowie i pi\u0119kno swoich w\u0142os\u00f3w \u015bwiadomie i po swojemu.<\/p>\n\n\n\n<h2 class=\"wp-block-heading\">Twoje W\u0142osy, Twoja Historia \u2013 Napisz j\u0105 z FOR EVERY YOU<\/h2>\n\n\n\n<p>Piel\u0119gnacja w\u0142os\u00f3w przesta\u0142a by\u0107 uniwersalna \u2013 sta\u0142a si\u0119 osobist\u0105 podr\u00f3\u017c\u0105 do ich zdrowia, si\u0142y i ol\u015bniewaj\u0105cego pi\u0119kna. Dzi\u0119ki nowemu podej\u015bciu Schwarzkopf Professional &#8211; FOR EVERY YOU i niezwykle szerokiej gamie profesjonalnych produkt\u00f3w do w\u0142os\u00f3w, kt\u00f3re czekaj\u0105 na Ciebie na eSTYL.pl, masz w zasi\u0119gu r\u0119ki wszystko, czego potrzebujesz, by stworzy\u0107 rytua\u0142 idealnie dopasowany do Twoich unikalnych potrzeb.<\/p>\n\n\n\n<p>Niezale\u017cnie od tego, czy Twoim celem jest perfekcyjny blond, g\u0142\u0119boka regeneracja czy ol\u015bniewaj\u0105cy blask \u2013 odpowiednie, zaawansowane technologicznie rozwi\u0105zania s\u0105 dost\u0119pne w\u0142a\u015bnie dla Ciebie. Sta\u0144 si\u0119 najlepsz\u0105 ekspertk\u0105 od w\u0142asnych w\u0142os\u00f3w, zauwa\u017c ich potrzeby i z przyjemno\u015bci\u0105 komponuj piel\u0119gnacj\u0119, kt\u00f3ra ka\u017cdego dnia b\u0119dzie podkre\u015bla\u0107 Twoj\u0105 indywidualno\u015b\u0107 i pi\u0119kno.<\/p>\n\n\n\n<p><strong>Odkryj pe\u0142n\u0105 gam\u0119 produkt\u00f3w Schwarzkopf Professional i stw\u00f3rz rutyn\u0119 FOR EVERY YOU \u2013 dla ka\u017cdej wersji Ciebie.<\/strong><\/p>\n\n\n<div class=\"wp-block-image\">\n<figure class=\"aligncenter size-full\"><img decoding=\"async\" loading=\"lazy\" width=\"1200\" height=\"675\" src=\"https:\/\/estyl.pl\/blog\/wp-content\/uploads\/2025\/08\/4.jpg\" alt=\"\" class=\"wp-image-39429\" srcset=\"https:\/\/estyl.pl\/blog\/wp-content\/uploads\/2025\/08\/4.jpg 1200w, https:\/\/estyl.pl\/blog\/wp-content\/uploads\/2025\/08\/4-300x169.jpg 300w, https:\/\/estyl.pl\/blog\/wp-content\/uploads\/2025\/08\/4-580x326.jpg 580w, https:\/\/estyl.pl\/blog\/wp-content\/uploads\/2025\/08\/4-768x432.jpg 768w, https:\/\/estyl.pl\/blog\/wp-content\/uploads\/2025\/08\/4-755x425.jpg 755w, https:\/\/estyl.pl\/blog\/wp-content\/uploads\/2025\/08\/4-261x147.jpg 261w\" sizes=\"(max-width: 1200px) 100vw, 1200px\" \/><\/figure><\/div>","protected":false},"excerpt":{"rendered":"<p>\u017byjemy w erze personalizacji. Od playlist muzycznych po plany dietetyczne \u2013 oczekujemy rozwi\u0105za\u0144 szytych na miar\u0119. Dlaczego piel\u0119gnacja w\u0142os\u00f3w mia\u0142aby by\u0107 inna? Podej\u015bcie \u201ejeden produkt dla ka\u017cdego\u201d to ju\u017c przesz\u0142o\u015b\u0107. Personalizacja to nowy standard, a Schwarzkopf Professional nie tylko za nim pod\u0105\u017ca, ale go wsp\u00f3\u0142tworzy pod has\u0142em FOR EVERY YOU, kt\u00f3re jest manifestem indywidualnego podej\u015bcia [&hellip;]<\/p>\n","protected":false},"author":22,"featured_media":39432,"comment_status":"open","ping_status":"open","sticky":false,"template":"","format":"standard","meta":{"_eb_attr":""},"categories":[4],"tags":[],"acf":[],"yoast_head":"<!-- This site is optimized with the Yoast SEO plugin v20.8 - https:\/\/yoast.com\/wordpress\/plugins\/seo\/ -->\n<title>FOR EVERY YOU od Schwarzkopf Professional: Twoja unikalna rutyna piel\u0119gnacji w\u0142os\u00f3w - Blog | Estyl.pl<\/title>\n<meta name=\"robots\" content=\"index, follow, max-snippet:-1, max-image-preview:large, max-video-preview:-1\" \/>\n<link rel=\"canonical\" href=\"https:\/\/estyl.pl\/blog\/for-every-you-od-schwarzkopf-professional-twoja-unikalna-rutyna-pielegnacji-wlosow\/\" \/>\n<meta property=\"og:locale\" content=\"pl_PL\" \/>\n<meta property=\"og:type\" content=\"article\" \/>\n<meta property=\"og:title\" content=\"FOR EVERY YOU od Schwarzkopf Professional: Twoja unikalna rutyna piel\u0119gnacji w\u0142os\u00f3w - Blog | Estyl.pl\" \/>\n<meta property=\"og:description\" content=\"\u017byjemy w erze personalizacji. Od playlist muzycznych po plany dietetyczne \u2013 oczekujemy rozwi\u0105za\u0144 szytych na miar\u0119. Dlaczego piel\u0119gnacja w\u0142os\u00f3w mia\u0142aby by\u0107 inna? Podej\u015bcie \u201ejeden produkt dla ka\u017cdego\u201d to ju\u017c przesz\u0142o\u015b\u0107. Personalizacja to nowy standard, a Schwarzkopf Professional nie tylko za nim pod\u0105\u017ca, ale go wsp\u00f3\u0142tworzy pod has\u0142em FOR EVERY YOU, kt\u00f3re jest manifestem indywidualnego podej\u015bcia [&hellip;]\" \/>\n<meta property=\"og:url\" content=\"https:\/\/estyl.pl\/blog\/for-every-you-od-schwarzkopf-professional-twoja-unikalna-rutyna-pielegnacji-wlosow\/\" \/>\n<meta property=\"og:site_name\" content=\"Blog | Estyl.pl\" \/>\n<meta property=\"article:published_time\" content=\"2025-08-12T09:44:18+00:00\" \/>\n<meta property=\"article:modified_time\" content=\"2025-08-12T10:48:27+00:00\" \/>\n<meta property=\"og:image\" content=\"https:\/\/estyl.pl\/blog\/wp-content\/uploads\/2025\/08\/eStyl-FOR-EVERY-YOU-blog-745-x-342-px.jpg\" \/>\n\t<meta property=\"og:image:width\" content=\"745\" \/>\n\t<meta property=\"og:image:height\" content=\"342\" \/>\n\t<meta property=\"og:image:type\" content=\"image\/jpeg\" \/>\n<meta name=\"author\" content=\"Klaudia\" \/>\n<meta name=\"twitter:label1\" content=\"Napisane przez\" \/>\n\t<meta name=\"twitter:data1\" content=\"Klaudia\" \/>\n\t<meta name=\"twitter:label2\" content=\"Szacowany czas czytania\" \/>\n\t<meta name=\"twitter:data2\" content=\"8 minut\" \/>\n<script type=\"application\/ld+json\" class=\"yoast-schema-graph\">{\"@context\":\"https:\/\/schema.org\",\"@graph\":[{\"@type\":\"WebPage\",\"@id\":\"https:\/\/estyl.pl\/blog\/for-every-you-od-schwarzkopf-professional-twoja-unikalna-rutyna-pielegnacji-wlosow\/\",\"url\":\"https:\/\/estyl.pl\/blog\/for-every-you-od-schwarzkopf-professional-twoja-unikalna-rutyna-pielegnacji-wlosow\/\",\"name\":\"FOR EVERY YOU od Schwarzkopf Professional: Twoja unikalna rutyna piel\u0119gnacji w\u0142os\u00f3w - Blog | Estyl.pl\",\"isPartOf\":{\"@id\":\"https:\/\/estyl.pl\/blog\/#website\"},\"datePublished\":\"2025-08-12T09:44:18+00:00\",\"dateModified\":\"2025-08-12T10:48:27+00:00\",\"author\":{\"@id\":\"https:\/\/estyl.pl\/blog\/#\/schema\/person\/97e7f65c172a06eeea9405976e91d9c2\"},\"breadcrumb\":{\"@id\":\"https:\/\/estyl.pl\/blog\/for-every-you-od-schwarzkopf-professional-twoja-unikalna-rutyna-pielegnacji-wlosow\/#breadcrumb\"},\"inLanguage\":\"pl-PL\",\"potentialAction\":[{\"@type\":\"ReadAction\",\"target\":[\"https:\/\/estyl.pl\/blog\/for-every-you-od-schwarzkopf-professional-twoja-unikalna-rutyna-pielegnacji-wlosow\/\"]}]},{\"@type\":\"BreadcrumbList\",\"@id\":\"https:\/\/estyl.pl\/blog\/for-every-you-od-schwarzkopf-professional-twoja-unikalna-rutyna-pielegnacji-wlosow\/#breadcrumb\",\"itemListElement\":[{\"@type\":\"ListItem\",\"position\":1,\"name\":\"Piel\u0119gnacja w\u0142os\u00f3w\",\"item\":\"https:\/\/estyl.pl\/blog\/pielegnacja-wlosow\/\"},{\"@type\":\"ListItem\",\"position\":2,\"name\":\"FOR EVERY YOU od Schwarzkopf Professional: Twoja unikalna rutyna piel\u0119gnacji w\u0142os\u00f3w\"}]},{\"@type\":\"WebSite\",\"@id\":\"https:\/\/estyl.pl\/blog\/#website\",\"url\":\"https:\/\/estyl.pl\/blog\/\",\"name\":\"Blog | Estyl.pl\",\"description\":\"Kosmetyki do w\u0142os\u00f3w, porady, piel\u0119gnacja, stylizacja\",\"potentialAction\":[{\"@type\":\"SearchAction\",\"target\":{\"@type\":\"EntryPoint\",\"urlTemplate\":\"https:\/\/estyl.pl\/blog\/?s={search_term_string}\"},\"query-input\":\"required name=search_term_string\"}],\"inLanguage\":\"pl-PL\"},{\"@type\":\"Person\",\"@id\":\"https:\/\/estyl.pl\/blog\/#\/schema\/person\/97e7f65c172a06eeea9405976e91d9c2\",\"name\":\"Klaudia\",\"url\":\"https:\/\/estyl.pl\/blog\/author\/klaudia\/\"}]}<\/script>\n<!-- \/ Yoast SEO plugin. -->","yoast_head_json":{"title":"FOR EVERY YOU od Schwarzkopf Professional: Twoja unikalna rutyna piel\u0119gnacji w\u0142os\u00f3w - Blog | Estyl.pl","robots":{"index":"index","follow":"follow","max-snippet":"max-snippet:-1","max-image-preview":"max-image-preview:large","max-video-preview":"max-video-preview:-1"},"canonical":"https:\/\/estyl.pl\/blog\/for-every-you-od-schwarzkopf-professional-twoja-unikalna-rutyna-pielegnacji-wlosow\/","og_locale":"pl_PL","og_type":"article","og_title":"FOR EVERY YOU od Schwarzkopf Professional: Twoja unikalna rutyna piel\u0119gnacji w\u0142os\u00f3w - Blog | Estyl.pl","og_description":"\u017byjemy w erze personalizacji. Od playlist muzycznych po plany dietetyczne \u2013 oczekujemy rozwi\u0105za\u0144 szytych na miar\u0119. Dlaczego piel\u0119gnacja w\u0142os\u00f3w mia\u0142aby by\u0107 inna? Podej\u015bcie \u201ejeden produkt dla ka\u017cdego\u201d to ju\u017c przesz\u0142o\u015b\u0107. Personalizacja to nowy standard, a Schwarzkopf Professional nie tylko za nim pod\u0105\u017ca, ale go wsp\u00f3\u0142tworzy pod has\u0142em FOR EVERY YOU, kt\u00f3re jest manifestem indywidualnego podej\u015bcia [&hellip;]","og_url":"https:\/\/estyl.pl\/blog\/for-every-you-od-schwarzkopf-professional-twoja-unikalna-rutyna-pielegnacji-wlosow\/","og_site_name":"Blog | Estyl.pl","article_published_time":"2025-08-12T09:44:18+00:00","article_modified_time":"2025-08-12T10:48:27+00:00","og_image":[{"width":745,"height":342,"url":"https:\/\/estyl.pl\/blog\/wp-content\/uploads\/2025\/08\/eStyl-FOR-EVERY-YOU-blog-745-x-342-px.jpg","type":"image\/jpeg"}],"author":"Klaudia","twitter_misc":{"Napisane przez":"Klaudia","Szacowany czas czytania":"8 minut"},"schema":{"@context":"https:\/\/schema.org","@graph":[{"@type":"WebPage","@id":"https:\/\/estyl.pl\/blog\/for-every-you-od-schwarzkopf-professional-twoja-unikalna-rutyna-pielegnacji-wlosow\/","url":"https:\/\/estyl.pl\/blog\/for-every-you-od-schwarzkopf-professional-twoja-unikalna-rutyna-pielegnacji-wlosow\/","name":"FOR EVERY YOU od Schwarzkopf Professional: Twoja unikalna rutyna piel\u0119gnacji w\u0142os\u00f3w - Blog | Estyl.pl","isPartOf":{"@id":"https:\/\/estyl.pl\/blog\/#website"},"datePublished":"2025-08-12T09:44:18+00:00","dateModified":"2025-08-12T10:48:27+00:00","author":{"@id":"https:\/\/estyl.pl\/blog\/#\/schema\/person\/97e7f65c172a06eeea9405976e91d9c2"},"breadcrumb":{"@id":"https:\/\/estyl.pl\/blog\/for-every-you-od-schwarzkopf-professional-twoja-unikalna-rutyna-pielegnacji-wlosow\/#breadcrumb"},"inLanguage":"pl-PL","potentialAction":[{"@type":"ReadAction","target":["https:\/\/estyl.pl\/blog\/for-every-you-od-schwarzkopf-professional-twoja-unikalna-rutyna-pielegnacji-wlosow\/"]}]},{"@type":"BreadcrumbList","@id":"https:\/\/estyl.pl\/blog\/for-every-you-od-schwarzkopf-professional-twoja-unikalna-rutyna-pielegnacji-wlosow\/#breadcrumb","itemListElement":[{"@type":"ListItem","position":1,"name":"Piel\u0119gnacja w\u0142os\u00f3w","item":"https:\/\/estyl.pl\/blog\/pielegnacja-wlosow\/"},{"@type":"ListItem","position":2,"name":"FOR EVERY YOU od Schwarzkopf Professional: Twoja unikalna rutyna piel\u0119gnacji w\u0142os\u00f3w"}]},{"@type":"WebSite","@id":"https:\/\/estyl.pl\/blog\/#website","url":"https:\/\/estyl.pl\/blog\/","name":"Blog | Estyl.pl","description":"Kosmetyki do w\u0142os\u00f3w, porady, piel\u0119gnacja, stylizacja","potentialAction":[{"@type":"SearchAction","target":{"@type":"EntryPoint","urlTemplate":"https:\/\/estyl.pl\/blog\/?s={search_term_string}"},"query-input":"required name=search_term_string"}],"inLanguage":"pl-PL"},{"@type":"Person","@id":"https:\/\/estyl.pl\/blog\/#\/schema\/person\/97e7f65c172a06eeea9405976e91d9c2","name":"Klaudia","url":"https:\/\/estyl.pl\/blog\/author\/klaudia\/"}]}},"_links":{"self":[{"href":"https:\/\/estyl.pl\/blog\/wp-json\/wp\/v2\/posts\/39426"}],"collection":[{"href":"https:\/\/estyl.pl\/blog\/wp-json\/wp\/v2\/posts"}],"about":[{"href":"https:\/\/estyl.pl\/blog\/wp-json\/wp\/v2\/types\/post"}],"author":[{"embeddable":true,"href":"https:\/\/estyl.pl\/blog\/wp-json\/wp\/v2\/users\/22"}],"replies":[{"embeddable":true,"href":"https:\/\/estyl.pl\/blog\/wp-json\/wp\/v2\/comments?post=39426"}],"version-history":[{"count":4,"href":"https:\/\/estyl.pl\/blog\/wp-json\/wp\/v2\/posts\/39426\/revisions"}],"predecessor-version":[{"id":39440,"href":"https:\/\/estyl.pl\/blog\/wp-json\/wp\/v2\/posts\/39426\/revisions\/39440"}],"wp:featuredmedia":[{"embeddable":true,"href":"https:\/\/estyl.pl\/blog\/wp-json\/wp\/v2\/media\/39432"}],"wp:attachment":[{"href":"https:\/\/estyl.pl\/blog\/wp-json\/wp\/v2\/media?parent=39426"}],"wp:term":[{"taxonomy":"category","embeddable":true,"href":"https:\/\/estyl.pl\/blog\/wp-json\/wp\/v2\/categories?post=39426"},{"taxonomy":"post_tag","embeddable":true,"href":"https:\/\/estyl.pl\/blog\/wp-json\/wp\/v2\/tags?post=39426"}],"curies":[{"name":"wp","href":"https:\/\/api.w.org\/{rel}","templated":true}]}}