{"id":4872,"date":"2011-12-14T13:12:59","date_gmt":"2011-12-14T11:12:59","guid":{"rendered":"https:\/\/estyl.pl\/blog\/?p=4872"},"modified":"2017-05-13T13:18:52","modified_gmt":"2017-05-13T11:18:52","slug":"wariacje-na-temat-grzywki-w-krotkich-fryzurach-2012","status":"publish","type":"post","link":"https:\/\/estyl.pl\/blog\/wariacje-na-temat-grzywki-w-krotkich-fryzurach-2012\/","title":{"rendered":"Kr\u00f3tkie fryzury z grzywk\u0105 &#8211; zobacz nasze propozycje!"},"content":{"rendered":"<h3 style=\"text-align: justify;\"><strong><b>Bardzo cz\u0119sto kr\u00f3tkie fryzury uto\u017csamiane s\u0105 mylnie z brakiem kobieco\u015bci i typowymi ch\u0142opczycami. Styli\u015bci fryzur m\u00f3wi\u0105 co innego \u2013 kr\u00f3tkie w\u0142osy mog\u0105 wygl\u0105da\u0107 tak samo stylowo, jak ka\u017cda inna fryzura z w\u0142os\u00f3w d\u0142ugich. Nosz\u0105c dobrze ostrzy\u017cone kr\u00f3tkie w\u0142osy mo\u017cesz by\u0107 pewna, \u017ce nie umkniesz uwadze otoczenia i nie wtopisz w bezosobowy t\u0142um. Zobacz wariacje najciekawszych kr\u00f3tkich fryzur z grzywk\u0105 i spr\u00f3buj wyczarowa\u0107 je na swojej g\u0142owie.<\/b><\/strong><\/h3>\n<p><!--more--><\/p>\n<p><a href=\"https:\/\/estyl.pl\/blog\/wp-content\/uploads\/2011\/12\/dlugagrzywkaglowne.jpg\" rel=\"lightbox[4872]\"><img decoding=\"async\" loading=\"lazy\" class=\"wp-image-32533 size-full aligncenter\" src=\"https:\/\/estyl.pl\/blog\/wp-content\/uploads\/2011\/12\/dlugagrzywkaglowne.jpg\" alt=\"dlugagrzywkaglowne\" width=\"600\" height=\"500\" srcset=\"https:\/\/estyl.pl\/blog\/wp-content\/uploads\/2011\/12\/dlugagrzywkaglowne.jpg 600w, https:\/\/estyl.pl\/blog\/wp-content\/uploads\/2011\/12\/dlugagrzywkaglowne-300x250.jpg 300w, https:\/\/estyl.pl\/blog\/wp-content\/uploads\/2011\/12\/dlugagrzywkaglowne-580x483.jpg 580w, https:\/\/estyl.pl\/blog\/wp-content\/uploads\/2011\/12\/dlugagrzywkaglowne-261x218.jpg 261w\" sizes=\"(max-width: 600px) 100vw, 600px\" \/><\/a><\/p>\n<p style=\"text-align: center;\">\u00a0\u00a0\u017ar\u00f3d\u0142o: pinterest.com<\/p>\n<h2><strong>Kr\u00f3tkie fryzury z grzywk\u0105 &#8211; zobacz nasze propozycje!<\/strong><\/h2>\n<h3><b>Kr\u00f3tkie w\u0142osy z grzywk\u0105 na bok<\/b><\/h3>\n<p style=\"text-align: justify;\"><span style=\"font-weight: 400;\">\u201eBa\u0142agan\u201d na g\u0142owie kr\u00f3luje nie tylko w\u015br\u00f3d fryzur z w\u0142os\u00f3w d\u0142ugich. <\/span><b><i>Fryzura w stylu \u201edopiero wsta\u0142am z \u0142\u00f3\u017cka\u201d jest doskona\u0142\u0105 propozycj\u0105 dla wszystkich Pa\u0144 o mniej regularnych rysach twarzy<\/i><\/b><span style=\"font-weight: 400;\">. Ten typ uczesania odci\u0105ga uwag\u0119 od nieproporcjonalnej, zbyt okr\u0105g\u0142ej lub ma\u0142o symetrycznej buzi. Najmodniejsza grzywka w kr\u00f3tkiej fryzurze powinna by\u0107 postrz\u0119piona i u\u0142o\u017cona lekko na bok. <\/span><b>Dobrze, gdy si\u0119ga poni\u017cej linii brwi, ods\u0142aniaj\u0105c jednak oczy<\/b><span style=\"font-weight: 400;\">. Dlatego nosz\u0105c t\u0105 fryzur\u0119 zawsze miej wytuszowane rz\u0119sy. Na dzie\u0144 polecam delikatny, wyd\u0142u\u017caj\u0105cy tusz, na wiecz\u00f3r mo\u017cesz pozwoli\u0107 sobie na mocniejszy makija\u017c oczu.<\/span><\/p>\n<p style=\"text-align: justify;\"><strong><span style=\"font-weight: 400;\">Je\u015bli chcesz doda\u0107 w\u0142osom kr\u00f3tkim <\/span><b>artystycznego nie\u0142adu i obj\u0119to\u015bci,<\/b><span style=\"font-weight: 400;\"> b\u0119dziesz potrzebowa\u0107 takich \u015brodk\u00f3w do stylizacji, jak \u017cel zwi\u0119kszaj\u0105cy <a href=\"https:\/\/estyl.pl\/wlosy\/stylizacja\/nadanie-objetosci\" data-internallinksmanager029f6b8e52c=\"6\" title=\"obj\u0119to\u015b\u0107 w\u0142os\u00f3w\">obj\u0119to\u015b\u0107 w\u0142os\u00f3w<\/a> <\/span><a href=\"http:\/\/estyl.pl\/goldwell-stylesign-volume-lagoom-jam-zel-zwiekszajacy-objetosc-150-ml\" target=\"_blank\"><span style=\"font-weight: 400;\">Goldwell Styling Volume Lagoom<\/span><\/a><span style=\"font-weight: 400;\">, pasty do w\u0142os\u00f3w <\/span><a href=\"http:\/\/estyl.pl\/kerastase-short-mania-pasta-modelujaca-do-wlosow-75ml\" target=\"_blank\"><span style=\"font-weight: 400;\">K\u00e9rastase Short Mania<\/span><\/a><span style=\"font-weight: 400;\"> i lakieru do w\u0142os\u00f3w <\/span><a href=\"http:\/\/estyl.pl\/wella-performance-spray-mocny-500-ml\" target=\"_blank\"><span style=\"font-weight: 400;\">Wella Performance Spray<\/span><\/a><span style=\"font-weight: 400;\">.<\/span><\/strong><\/p>\n<p style=\"text-align: justify; padding-left: 180px;\">\u00a0<a href=\"https:\/\/estyl.pl\/blog\/wp-content\/uploads\/2011\/12\/krotkiewlosygrzywkanabok1.jpg\" rel=\"lightbox[4872]\"><img decoding=\"async\" loading=\"lazy\" class=\"alignnone size-medium wp-image-32535\" src=\"https:\/\/estyl.pl\/blog\/wp-content\/uploads\/2011\/12\/krotkiewlosygrzywkanabok1-207x300.jpg\" alt=\"krotkiewlosygrzywkanabok1\" width=\"207\" height=\"300\" srcset=\"https:\/\/estyl.pl\/blog\/wp-content\/uploads\/2011\/12\/krotkiewlosygrzywkanabok1-207x300.jpg 207w, https:\/\/estyl.pl\/blog\/wp-content\/uploads\/2011\/12\/krotkiewlosygrzywkanabok1-261x378.jpg 261w, https:\/\/estyl.pl\/blog\/wp-content\/uploads\/2011\/12\/krotkiewlosygrzywkanabok1.jpg 300w\" sizes=\"(max-width: 207px) 100vw, 207px\" \/><img decoding=\"async\" loading=\"lazy\" class=\"alignnone size-medium wp-image-32536\" src=\"https:\/\/estyl.pl\/blog\/wp-content\/uploads\/2011\/12\/krotkiewlosyzrgrzywka2-207x300.jpg\" alt=\"krotkiewlosyzrgrzywka2\" width=\"207\" height=\"300\" srcset=\"https:\/\/estyl.pl\/blog\/wp-content\/uploads\/2011\/12\/krotkiewlosyzrgrzywka2-207x300.jpg 207w, https:\/\/estyl.pl\/blog\/wp-content\/uploads\/2011\/12\/krotkiewlosyzrgrzywka2-261x378.jpg 261w, https:\/\/estyl.pl\/blog\/wp-content\/uploads\/2011\/12\/krotkiewlosyzrgrzywka2.jpg 300w\" sizes=\"(max-width: 207px) 100vw, 207px\" \/><\/a><\/p>\n<div class=\"minpic\">\n<p style=\"text-align: center;\">\u017ar\u00f3d\u0142o: pinterest.com<\/p>\n<\/div>\n<h3><b>Kr\u00f3tkie fryzury z grzywk\u0105 w rozmiarze XS<\/b><\/h3>\n<p style=\"text-align: justify;\"><span style=\"font-weight: 400;\">Bardzo modnym rodzajem grzywki jest ta w wersji mini. <\/span><b>Ten typ grzywki powinien si\u0119ga\u0107 najwy\u017cej po\u0142owy czo\u0142a, dlatego uczesanie to pasuje jedynie do Pa\u0144 z nieskazitelnie g\u0142adk\u0105 cer\u0105<\/b><span style=\"font-weight: 400;\">. Niestety czo\u0142o cz\u0119sto jest powodem odwrotnego stanu rzeczy, czyli zapuszczania grzywki, kt\u00f3ra dobrze przykrywa wszelkie niedoskona\u0142o\u015bci sk\u00f3ry. <\/span><b><i>Bardzo kr\u00f3tka grzywka wymaga nie tylko \u0142adnej sk\u00f3ry, ale i fachowo wyregulowanych brwi<\/i><\/b><span style=\"font-weight: 400;\">. Oczy i brwi staj\u0105 si\u0119 przy tej wersji uczesania centrum naszej twarzy. Je\u015bli brwi s\u0105 Twoj\u0105 s\u0142abo\u015bci\u0105 i nie lubisz ich systematycznego regulowania, lepiej nie decyduj si\u0119 na uczesanie z kr\u00f3ciutk\u0105 grzywk\u0105. Grzywk\u0119 w wersji XS mo\u017cesz nosi\u0107 na prosto, zaczesa\u0107 j\u0105 na bok lub gdy Ci si\u0119 znudzi, postawi\u0107 na sztorc.<\/span><\/p>\n<p style=\"text-align: justify;\"><strong><span style=\"font-weight: 400;\">Je\u015bli lubisz proste i <\/span><b>g\u0142adkie grzywki<\/b><span style=\"font-weight: 400;\"> wybierz kosmetyk ujarzmiaj\u0105cy puszenie w\u0142os\u00f3w, jak serum <\/span><a href=\"http:\/\/estyl.pl\/kerastase-touche-finale-serum-wygladzajaco-nablyszczajace-30ml\" target=\"_blank\"><span style=\"font-weight: 400;\">K\u00e9rastase Touche Finale<\/span><\/a><span style=\"font-weight: 400;\">. Je\u015bli wolisz <\/span><b>nastroszon\u0105 wersj\u0119 grzywki,<\/b><span style=\"font-weight: 400;\"> postaw na \u017cel do stylizacji w\u0142os\u00f3w <\/span><a href=\"http:\/\/estyl.pl\/john-masters-organics-wanilia-i-mandarynka-kosmetyk-do-ukladania-wlosow-57g\" target=\"_blank\"><span style=\"font-weight: 400;\">John Masters Organics<\/span><\/a><span style=\"font-weight: 400;\">.<\/span><\/strong><\/p>\n<div class=\"minpic\">\n<p style=\"padding-left: 60px;\"><a href=\"https:\/\/estyl.pl\/blog\/wp-content\/uploads\/2011\/12\/krotkagrzywka1.jpg\" rel=\"lightbox[4872]\"><img decoding=\"async\" loading=\"lazy\" class=\"alignnone size-medium wp-image-32538\" src=\"https:\/\/estyl.pl\/blog\/wp-content\/uploads\/2011\/12\/krotkagrzywka2-239x300.jpg\" alt=\"krotkagrzywka2\" width=\"239\" height=\"300\" srcset=\"https:\/\/estyl.pl\/blog\/wp-content\/uploads\/2011\/12\/krotkagrzywka2-239x300.jpg 239w, https:\/\/estyl.pl\/blog\/wp-content\/uploads\/2011\/12\/krotkagrzywka2-261x328.jpg 261w, https:\/\/estyl.pl\/blog\/wp-content\/uploads\/2011\/12\/krotkagrzywka2.jpg 300w\" sizes=\"(max-width: 239px) 100vw, 239px\" \/><img decoding=\"async\" loading=\"lazy\" class=\"alignnone size-medium wp-image-32537\" src=\"https:\/\/estyl.pl\/blog\/wp-content\/uploads\/2011\/12\/krotkagrzywka1-239x300.jpg\" alt=\"krotkagrzywka1\" width=\"239\" height=\"300\" srcset=\"https:\/\/estyl.pl\/blog\/wp-content\/uploads\/2011\/12\/krotkagrzywka1-239x300.jpg 239w, https:\/\/estyl.pl\/blog\/wp-content\/uploads\/2011\/12\/krotkagrzywka1-261x328.jpg 261w, https:\/\/estyl.pl\/blog\/wp-content\/uploads\/2011\/12\/krotkagrzywka1.jpg 300w\" sizes=\"(max-width: 239px) 100vw, 239px\" \/><\/a><\/p>\n<p style=\"padding-left: 60px;\">\u00a0 \u017ar\u00f3d\u0142o: pinterest.com<\/p>\n<\/div>\n<h3 style=\"text-align: justify;\"><b>Kr\u00f3tkie w\u0142osy z asymetryczn\u0105, d\u0142ug\u0105 grzyw\u0105<\/b><\/h3>\n<p style=\"text-align: justify;\"><span style=\"font-weight: 400;\">Je\u015bli nie lubisz ods\u0142ania\u0107 twarzy i lepiej czujesz si\u0119 z d\u0142u\u017csz\u0105 grzywk\u0105, wybierz jej wersj\u0119 maksi. <\/span><b>Najmodniejsze fryzury z d\u0142ug\u0105 grzywk\u0105 powinny by\u0107 asymetryczne, z d\u0142u\u017cszym przodem i kr\u00f3ciutkim ty\u0142em<\/b><span style=\"font-weight: 400;\">. Ten typ uczesania pasuje zar\u00f3wno do w\u0142os\u00f3w prostych, jak i naturalnie kr\u0119conych. By fryzura trzyma\u0142a form\u0119, wymaga sukcesywnego podcinania, szczeg\u00f3lnie w cz\u0119\u015bci przedniej, kt\u00f3ra, gdy uro\u015bnie zbyt d\u0142uga, deformuje ca\u0142o\u015b\u0107 uczesania. D\u0142uga grzywka z pewno\u015bci\u0105 spodoba si\u0119 tym Paniom, kt\u00f3rych nie cieszy kszta\u0142t nosa lub maj\u0105 problemy z tr\u0105dzikiem na policzkach i czole. <\/span><b><i>D\u0142uga i pe\u0142na grzywka, zaczynaj\u0105ca si\u0119 od czubka g\u0142owy zdecydowanie wyszczupla twarz<\/i><\/b><span style=\"font-weight: 400;\">. Je\u015bli masz pucu\u0142owate policzki, fryzura zmieni wyraz twarzy.<\/span><\/p>\n<div class=\"minpic\">\n<p style=\"padding-left: 60px;\"><a href=\"https:\/\/estyl.pl\/blog\/wp-content\/uploads\/2011\/12\/Wella-Professionals-Thermal-Image.jpg\" target=\"_blank\" rel=\"lightbox[4872]\"><img decoding=\"async\" loading=\"lazy\" class=\"alignnone wp-image-4939 size-thumbnail\" title=\"Wella Professionals Thermal uchroni fryzur\u0119 przed ciep\u0142em suszarki lub prostownicy\" src=\"https:\/\/estyl.pl\/blog\/wp-content\/uploads\/2011\/12\/Wella-Professionals-Thermal-Image-150x150.jpg\" alt=\"grzywka\" width=\"150\" height=\"150\" srcset=\"https:\/\/estyl.pl\/blog\/wp-content\/uploads\/2011\/12\/Wella-Professionals-Thermal-Image-150x150.jpg 150w, https:\/\/estyl.pl\/blog\/wp-content\/uploads\/2011\/12\/Wella-Professionals-Thermal-Image-300x300.jpg 300w, https:\/\/estyl.pl\/blog\/wp-content\/uploads\/2011\/12\/Wella-Professionals-Thermal-Image-261x261.jpg 261w, https:\/\/estyl.pl\/blog\/wp-content\/uploads\/2011\/12\/Wella-Professionals-Thermal-Image.jpg 400w\" sizes=\"(max-width: 150px) 100vw, 150px\" \/><\/a><a href=\"https:\/\/estyl.pl\/blog\/wp-content\/uploads\/2011\/12\/Wella-Professionals-Flexible-Finish.jpg\" target=\"_blank\" rel=\"lightbox[4872]\"><img decoding=\"async\" loading=\"lazy\" class=\"alignnone wp-image-4940 size-thumbnail\" title=\"Spray Wella Professionals Flexible Finish utrwala i kszta\u0142tuje fryzur\u0119\" src=\"https:\/\/estyl.pl\/blog\/wp-content\/uploads\/2011\/12\/Wella-Professionals-Flexible-Finish-150x150.jpg\" alt=\"grzywka\" width=\"150\" height=\"150\" srcset=\"https:\/\/estyl.pl\/blog\/wp-content\/uploads\/2011\/12\/Wella-Professionals-Flexible-Finish-150x150.jpg 150w, https:\/\/estyl.pl\/blog\/wp-content\/uploads\/2011\/12\/Wella-Professionals-Flexible-Finish-300x300.jpg 300w, https:\/\/estyl.pl\/blog\/wp-content\/uploads\/2011\/12\/Wella-Professionals-Flexible-Finish-261x261.jpg 261w, https:\/\/estyl.pl\/blog\/wp-content\/uploads\/2011\/12\/Wella-Professionals-Flexible-Finish.jpg 400w\" sizes=\"(max-width: 150px) 100vw, 150px\" \/><\/a><\/p>\n<\/div>\n<p><strong>Asymetryczne fryzury powinny by\u0107 uk\u0142adane na szczotce, przynajmniej w cz\u0119\u015bci przedniej<\/strong>. W tym celu potrzebowa\u0107 b\u0119dziesz kosmetyk\u00f3w chroni\u0105cych przed ciep\u0142em i wyg\u0142adzaj\u0105co-utrwalaj\u0105cych <a href=\"https:\/\/estyl.pl\/wlosy\" data-internallinksmanager029f6b8e52c=\"2\" title=\"w\u0142osy\">w\u0142osy<\/a>, jak <a href=\"https:\/\/estyl.pl\/davines-oi-oil-olejek-do-wlosow-50ml\" data-internallinksmanager029f6b8e52c=\"9\" title=\"Davines Oi Oi olejek do w\u0142os\u00f3w\" target=\"_blank\" rel=\"noopener\">olejek<\/a> <a href=\"http:\/\/estyl.pl\/mythic-oil-oil\" target=\"_blank\">L&#8217;Oreal Mythic Oil<\/a>, spray chroni\u0105cy przed temperatur\u0105 <a href=\"http:\/\/estyl.pl\/wella-professionals-thermal-image-spray-chroniacy-przed-wysoka-temperatura-150-ml\" target=\"_blank\">Wella Professionals Thermal Image<\/a> i spray do wyka\u0144czania fryzury <a href=\"http:\/\/estyl.pl\/eimi-flexible-finish-spray-do-wykonczenia-fryzury-250ml\" target=\"_blank\">Wella Professionals Flexible Finish<\/a>.<\/p>\n<p style=\"padding-left: 150px;\"><a href=\"https:\/\/estyl.pl\/blog\/wp-content\/uploads\/2011\/12\/dlugagrzywka1.jpg\" rel=\"lightbox[4872]\"><img decoding=\"async\" loading=\"lazy\" class=\"alignnone size-medium wp-image-32539\" src=\"https:\/\/estyl.pl\/blog\/wp-content\/uploads\/2011\/12\/dlugagrzywka1-240x300.jpg\" alt=\"dlugagrzywka1\" width=\"240\" height=\"300\" srcset=\"https:\/\/estyl.pl\/blog\/wp-content\/uploads\/2011\/12\/dlugagrzywka1-240x300.jpg 240w, https:\/\/estyl.pl\/blog\/wp-content\/uploads\/2011\/12\/dlugagrzywka1-261x326.jpg 261w, https:\/\/estyl.pl\/blog\/wp-content\/uploads\/2011\/12\/dlugagrzywka1.jpg 300w\" sizes=\"(max-width: 240px) 100vw, 240px\" \/><img decoding=\"async\" loading=\"lazy\" class=\"alignnone size-medium wp-image-32540\" src=\"https:\/\/estyl.pl\/blog\/wp-content\/uploads\/2011\/12\/dlugagrzywka3-240x300.jpg\" alt=\"dlugagrzywka3\" width=\"240\" height=\"300\" srcset=\"https:\/\/estyl.pl\/blog\/wp-content\/uploads\/2011\/12\/dlugagrzywka3-240x300.jpg 240w, https:\/\/estyl.pl\/blog\/wp-content\/uploads\/2011\/12\/dlugagrzywka3-261x326.jpg 261w, https:\/\/estyl.pl\/blog\/wp-content\/uploads\/2011\/12\/dlugagrzywka3.jpg 300w\" sizes=\"(max-width: 240px) 100vw, 240px\" \/><\/a><\/p>\n<p style=\"padding-left: 270px;\">\u00a0 \u00a0 \u00a0 \u017ar\u00f3d\u0142o: pinterest.com<\/p>\n<h2>Komu pasuj\u0105 kr\u00f3tkie w\u0142osy?<\/h2>\n<p style=\"text-align: justify;\"><span style=\"font-weight: 400;\">Pierwsze, co musimy zrobi\u0107, zanim zdecydujemy si\u0119 na radykalne ci\u0119cie, to przyjrze\u0107 si\u0119 kszta\u0142towi naszej twarzy i wtedy dobra\u0107 kr\u00f3tk\u0105 fryzur\u0119 odpowiedni\u0105 dla siebie. Dobrze b\u0119d\u0105 z ni\u0105 wygl\u0105da\u0107 kobiety okr\u0105g\u0142ej buzi, jednak wtedy nale\u017cy wybra\u0107 uczesanie bob lub pixie hair. <strong>Kobiety o tr\u00f3jk\u0105tnej twarzy powinny wystrzega\u0107 si\u0119 kr\u00f3tkich w\u0142os\u00f3w si\u0119gaj\u0105cych do brody. Nie bez znaczenia jest te\u017c typ i struktura w\u0142os\u00f3w.<\/strong> Przy cienkich i rzadkich, kr\u00f3tkie fryzury nabior\u0105 g\u0119sto\u015bci i obj\u0119to\u015bci, jednak nie mog\u0105 by\u0107 zbyt wystopniowane. Przy g\u0119stych w\u0142osach, twarz nabierze subtelno\u015bci, wysmukl\u0105 si\u0119 rysy twarzy. Kr\u00f3tkie fryzury to dobre rozwi\u0105zanie dla pa\u0144 w dojrza\u0142ym wieku. Odpowiednie ci\u0119cie odejmuje lat, a tak\u017ce dodaje kobieco\u015bci. <strong>W kr\u00f3tkich w\u0142osach dobrze wygl\u0105daj\u0105 panie niskie i drobne.<\/strong><\/span><\/p>\n<h2><strong>Jak uk\u0142ada\u0107 kr\u00f3tkie w\u0142osy z grzywk\u0105?<\/strong><\/h2>\n<p style=\"text-align: justify;\"><strong><span style=\"font-weight: 400;\">Tak naprawd\u0119 to wszystko zale\u017cy od rodzaju ci\u0119cia. Kiedy jest to bob z grzywk\u0105, najlepiej b\u0119dzie go uk\u0142ada\u0107 przy pomocy okr\u0105g\u0142ej szczotki. Pasma w\u0142os\u00f3w mo\u017cemy r\u00f3wnie\u017c zakr\u0119ca\u0107 lok\u00f3wk\u0105. W przypadku bardzo kr\u00f3tkich fryzur, takich jak pixie hair, wystarczy nam grzebie\u0144 i <\/span><a href=\"http:\/\/estyl.pl\/wlosy\/stylizacja\/pasty-gumy-i-pomady\" target=\"_blank\"><span style=\"font-weight: 400;\">guma<\/span><\/a><span style=\"font-weight: 400;\">, <\/span><a href=\"http:\/\/estyl.pl\/wlosy\/stylizacja\/woski\" target=\"_blank\"><span style=\"font-weight: 400;\">wosk<\/span><\/a><span style=\"font-weight: 400;\">, <\/span><a href=\"http:\/\/estyl.pl\/wlosy\/stylizacja\/zele\" target=\"_blank\"><span style=\"font-weight: 400;\">\u017cel<\/span><\/a><span style=\"font-weight: 400;\"> lub inny specyfik utrwalaj\u0105cy w\u0142osy. <strong>Za ich pomoc\u0105 wyg\u0142adzimy je lub wr\u0119cz przeciwnie &#8211; nadamy fryzurze charakteru, aby by\u0142a \u201cz pazurem\u201d.<\/strong><\/span><\/strong><\/p>\n<p style=\"text-align: center;\"><a href=\"https:\/\/estyl.pl\/blog\/wp-content\/uploads\/2011\/12\/ukladaniewlosow1.jpg\" rel=\"lightbox[4872]\"><img decoding=\"async\" loading=\"lazy\" class=\" wp-image-32541 size-full aligncenter\" src=\"https:\/\/estyl.pl\/blog\/wp-content\/uploads\/2011\/12\/ukladaniewlosow1.jpg\" alt=\"ukladaniewlosow1\" width=\"600\" height=\"578\" srcset=\"https:\/\/estyl.pl\/blog\/wp-content\/uploads\/2011\/12\/ukladaniewlosow1.jpg 600w, https:\/\/estyl.pl\/blog\/wp-content\/uploads\/2011\/12\/ukladaniewlosow1-300x289.jpg 300w, https:\/\/estyl.pl\/blog\/wp-content\/uploads\/2011\/12\/ukladaniewlosow1-580x559.jpg 580w, https:\/\/estyl.pl\/blog\/wp-content\/uploads\/2011\/12\/ukladaniewlosow1-261x251.jpg 261w\" sizes=\"(max-width: 600px) 100vw, 600px\" \/><\/a>\u00a0\u017ar\u00f3d\u0142o: pinterest.com<\/p>\n<p><b>A na\u00a0filmiku kilka pomys\u0142\u00f3w na uk\u0142adanie kr\u00f3tkiej fryzury:<\/b><\/p>\n<p><iframe loading=\"lazy\" width=\"500\" height=\"281\" src=\"https:\/\/www.youtube.com\/embed\/bFhXVfZ8MiE?feature=oembed\" frameborder=\"0\" allowfullscreen><\/iframe><\/p>\n<p><b>Przeczytaj r\u00f3wnie\u017c:<\/b><\/p>\n<ul>\n<li><a href=\"https:\/\/estyl.pl\/blog\/2011\/12\/najmodniejsze-krotkie-fryzury-sezonu-2012\/\" target=\"_blank\"><b>Najmodniejsze kr\u00f3tkie fryzury<\/b><\/a><\/li>\n<li><a href=\"https:\/\/estyl.pl\/blog\/2011\/11\/dla-kogo-krotkie-wlosy\/\" target=\"_blank\"><b>Dla kogo kr\u00f3tkie fryzury?<\/b><\/a><\/li>\n<li style=\"text-align: justify;\"><strong><b><a href=\"https:\/\/estyl.pl\/blog\/2011\/10\/wlosy-do-ramion\/\" target=\"_blank\">W\u0142osy do ramion<\/a><\/b><\/strong><\/li>\n<\/ul>\n","protected":false},"excerpt":{"rendered":"<p>Bardzo cz\u0119sto kr\u00f3tkie fryzury uto\u017csamiane s\u0105 mylnie z brakiem kobieco\u015bci i typowymi ch\u0142opczycami. Styli\u015bci fryzur m\u00f3wi\u0105 co innego \u2013 kr\u00f3tkie w\u0142osy mog\u0105 wygl\u0105da\u0107 tak samo stylowo, jak ka\u017cda inna fryzura z w\u0142os\u00f3w d\u0142ugich. Nosz\u0105c dobrze ostrzy\u017cone kr\u00f3tkie w\u0142osy mo\u017cesz by\u0107 pewna, \u017ce nie umkniesz uwadze otoczenia i nie wtopisz w bezosobowy t\u0142um. Zobacz wariacje najciekawszych [&hellip;]<\/p>\n","protected":false},"author":1,"featured_media":32534,"comment_status":"open","ping_status":"closed","sticky":false,"template":"","format":"standard","meta":{"_eb_attr":""},"categories":[5],"tags":[1748,368],"acf":[],"yoast_head":"<!-- This site is optimized with the Yoast SEO plugin v20.8 - https:\/\/yoast.com\/wordpress\/plugins\/seo\/ -->\n<title>Grzywka w kr\u00f3tkich fryzurach - porady i trendy<\/title>\n<meta name=\"description\" content=\"Kr\u00f3tkie ch\u0142opi\u0119ce fryzury nie ka\u017cdej kobiecie pasuj\u0105. Mo\u017cna jej doda\u0107 zalotno\u015bci dzi\u0119ki grzywce. Grzywka \u015bwietnie komponuje si\u0119 tak\u017ce z kr\u00f3tkimi w\u0142osami.\" \/>\n<meta name=\"robots\" content=\"index, follow, max-snippet:-1, max-image-preview:large, max-video-preview:-1\" \/>\n<link rel=\"canonical\" href=\"https:\/\/estyl.pl\/blog\/wariacje-na-temat-grzywki-w-krotkich-fryzurach-2012\/\" \/>\n<meta property=\"og:locale\" content=\"pl_PL\" \/>\n<meta property=\"og:type\" content=\"article\" \/>\n<meta property=\"og:title\" content=\"Grzywka w kr\u00f3tkich fryzurach - porady i trendy\" \/>\n<meta property=\"og:description\" content=\"Kr\u00f3tkie ch\u0142opi\u0119ce fryzury nie ka\u017cdej kobiecie pasuj\u0105. Mo\u017cna jej doda\u0107 zalotno\u015bci dzi\u0119ki grzywce. Grzywka \u015bwietnie komponuje si\u0119 tak\u017ce z kr\u00f3tkimi w\u0142osami.\" \/>\n<meta property=\"og:url\" content=\"https:\/\/estyl.pl\/blog\/wariacje-na-temat-grzywki-w-krotkich-fryzurach-2012\/\" \/>\n<meta property=\"og:site_name\" content=\"Blog | Estyl.pl\" \/>\n<meta property=\"article:published_time\" content=\"2011-12-14T11:12:59+00:00\" \/>\n<meta property=\"article:modified_time\" content=\"2017-05-13T11:18:52+00:00\" \/>\n<meta property=\"og:image\" content=\"https:\/\/estyl.pl\/blog\/wp-content\/uploads\/2011\/12\/krotkieglownee.jpg\" \/>\n\t<meta property=\"og:image:width\" content=\"750\" \/>\n\t<meta property=\"og:image:height\" content=\"315\" \/>\n\t<meta property=\"og:image:type\" content=\"image\/jpeg\" \/>\n<meta name=\"author\" content=\"admin\" \/>\n<meta name=\"twitter:label1\" content=\"Napisane przez\" \/>\n\t<meta name=\"twitter:data1\" content=\"admin\" \/>\n\t<meta name=\"twitter:label2\" content=\"Szacowany czas czytania\" \/>\n\t<meta name=\"twitter:data2\" content=\"5 minut\" \/>\n<script type=\"application\/ld+json\" class=\"yoast-schema-graph\">{\"@context\":\"https:\/\/schema.org\",\"@graph\":[{\"@type\":\"WebPage\",\"@id\":\"https:\/\/estyl.pl\/blog\/wariacje-na-temat-grzywki-w-krotkich-fryzurach-2012\/\",\"url\":\"https:\/\/estyl.pl\/blog\/wariacje-na-temat-grzywki-w-krotkich-fryzurach-2012\/\",\"name\":\"Grzywka w kr\u00f3tkich fryzurach - porady i trendy\",\"isPartOf\":{\"@id\":\"https:\/\/estyl.pl\/blog\/#website\"},\"datePublished\":\"2011-12-14T11:12:59+00:00\",\"dateModified\":\"2017-05-13T11:18:52+00:00\",\"author\":{\"@id\":\"https:\/\/estyl.pl\/blog\/#\/schema\/person\/22fff2064045ce23be580e18ca255220\"},\"description\":\"Kr\u00f3tkie ch\u0142opi\u0119ce fryzury nie ka\u017cdej kobiecie pasuj\u0105. Mo\u017cna jej doda\u0107 zalotno\u015bci dzi\u0119ki grzywce. Grzywka \u015bwietnie komponuje si\u0119 tak\u017ce z kr\u00f3tkimi w\u0142osami.\",\"breadcrumb\":{\"@id\":\"https:\/\/estyl.pl\/blog\/wariacje-na-temat-grzywki-w-krotkich-fryzurach-2012\/#breadcrumb\"},\"inLanguage\":\"pl-PL\",\"potentialAction\":[{\"@type\":\"ReadAction\",\"target\":[\"https:\/\/estyl.pl\/blog\/wariacje-na-temat-grzywki-w-krotkich-fryzurach-2012\/\"]}]},{\"@type\":\"BreadcrumbList\",\"@id\":\"https:\/\/estyl.pl\/blog\/wariacje-na-temat-grzywki-w-krotkich-fryzurach-2012\/#breadcrumb\",\"itemListElement\":[{\"@type\":\"ListItem\",\"position\":1,\"name\":\"Stylizacja w\u0142os\u00f3w\",\"item\":\"https:\/\/estyl.pl\/blog\/stylizacja-wlosow\/\"},{\"@type\":\"ListItem\",\"position\":2,\"name\":\"Kr\u00f3tkie fryzury z grzywk\u0105 &#8211; zobacz nasze propozycje!\"}]},{\"@type\":\"WebSite\",\"@id\":\"https:\/\/estyl.pl\/blog\/#website\",\"url\":\"https:\/\/estyl.pl\/blog\/\",\"name\":\"Blog | Estyl.pl\",\"description\":\"Kosmetyki do w\u0142os\u00f3w, porady, piel\u0119gnacja, stylizacja\",\"potentialAction\":[{\"@type\":\"SearchAction\",\"target\":{\"@type\":\"EntryPoint\",\"urlTemplate\":\"https:\/\/estyl.pl\/blog\/?s={search_term_string}\"},\"query-input\":\"required name=search_term_string\"}],\"inLanguage\":\"pl-PL\"},{\"@type\":\"Person\",\"@id\":\"https:\/\/estyl.pl\/blog\/#\/schema\/person\/22fff2064045ce23be580e18ca255220\",\"name\":\"admin\",\"url\":\"https:\/\/estyl.pl\/blog\/author\/admin\/\"}]}<\/script>\n<!-- \/ Yoast SEO plugin. -->","yoast_head_json":{"title":"Grzywka w kr\u00f3tkich fryzurach - porady i trendy","description":"Kr\u00f3tkie ch\u0142opi\u0119ce fryzury nie ka\u017cdej kobiecie pasuj\u0105. Mo\u017cna jej doda\u0107 zalotno\u015bci dzi\u0119ki grzywce. Grzywka \u015bwietnie komponuje si\u0119 tak\u017ce z kr\u00f3tkimi w\u0142osami.","robots":{"index":"index","follow":"follow","max-snippet":"max-snippet:-1","max-image-preview":"max-image-preview:large","max-video-preview":"max-video-preview:-1"},"canonical":"https:\/\/estyl.pl\/blog\/wariacje-na-temat-grzywki-w-krotkich-fryzurach-2012\/","og_locale":"pl_PL","og_type":"article","og_title":"Grzywka w kr\u00f3tkich fryzurach - porady i trendy","og_description":"Kr\u00f3tkie ch\u0142opi\u0119ce fryzury nie ka\u017cdej kobiecie pasuj\u0105. Mo\u017cna jej doda\u0107 zalotno\u015bci dzi\u0119ki grzywce. Grzywka \u015bwietnie komponuje si\u0119 tak\u017ce z kr\u00f3tkimi w\u0142osami.","og_url":"https:\/\/estyl.pl\/blog\/wariacje-na-temat-grzywki-w-krotkich-fryzurach-2012\/","og_site_name":"Blog | Estyl.pl","article_published_time":"2011-12-14T11:12:59+00:00","article_modified_time":"2017-05-13T11:18:52+00:00","og_image":[{"width":750,"height":315,"url":"https:\/\/estyl.pl\/blog\/wp-content\/uploads\/2011\/12\/krotkieglownee.jpg","type":"image\/jpeg"}],"author":"admin","twitter_misc":{"Napisane przez":"admin","Szacowany czas czytania":"5 minut"},"schema":{"@context":"https:\/\/schema.org","@graph":[{"@type":"WebPage","@id":"https:\/\/estyl.pl\/blog\/wariacje-na-temat-grzywki-w-krotkich-fryzurach-2012\/","url":"https:\/\/estyl.pl\/blog\/wariacje-na-temat-grzywki-w-krotkich-fryzurach-2012\/","name":"Grzywka w kr\u00f3tkich fryzurach - porady i trendy","isPartOf":{"@id":"https:\/\/estyl.pl\/blog\/#website"},"datePublished":"2011-12-14T11:12:59+00:00","dateModified":"2017-05-13T11:18:52+00:00","author":{"@id":"https:\/\/estyl.pl\/blog\/#\/schema\/person\/22fff2064045ce23be580e18ca255220"},"description":"Kr\u00f3tkie ch\u0142opi\u0119ce fryzury nie ka\u017cdej kobiecie pasuj\u0105. Mo\u017cna jej doda\u0107 zalotno\u015bci dzi\u0119ki grzywce. Grzywka \u015bwietnie komponuje si\u0119 tak\u017ce z kr\u00f3tkimi w\u0142osami.","breadcrumb":{"@id":"https:\/\/estyl.pl\/blog\/wariacje-na-temat-grzywki-w-krotkich-fryzurach-2012\/#breadcrumb"},"inLanguage":"pl-PL","potentialAction":[{"@type":"ReadAction","target":["https:\/\/estyl.pl\/blog\/wariacje-na-temat-grzywki-w-krotkich-fryzurach-2012\/"]}]},{"@type":"BreadcrumbList","@id":"https:\/\/estyl.pl\/blog\/wariacje-na-temat-grzywki-w-krotkich-fryzurach-2012\/#breadcrumb","itemListElement":[{"@type":"ListItem","position":1,"name":"Stylizacja w\u0142os\u00f3w","item":"https:\/\/estyl.pl\/blog\/stylizacja-wlosow\/"},{"@type":"ListItem","position":2,"name":"Kr\u00f3tkie fryzury z grzywk\u0105 &#8211; zobacz nasze propozycje!"}]},{"@type":"WebSite","@id":"https:\/\/estyl.pl\/blog\/#website","url":"https:\/\/estyl.pl\/blog\/","name":"Blog | Estyl.pl","description":"Kosmetyki do w\u0142os\u00f3w, porady, piel\u0119gnacja, stylizacja","potentialAction":[{"@type":"SearchAction","target":{"@type":"EntryPoint","urlTemplate":"https:\/\/estyl.pl\/blog\/?s={search_term_string}"},"query-input":"required name=search_term_string"}],"inLanguage":"pl-PL"},{"@type":"Person","@id":"https:\/\/estyl.pl\/blog\/#\/schema\/person\/22fff2064045ce23be580e18ca255220","name":"admin","url":"https:\/\/estyl.pl\/blog\/author\/admin\/"}]}},"_links":{"self":[{"href":"https:\/\/estyl.pl\/blog\/wp-json\/wp\/v2\/posts\/4872"}],"collection":[{"href":"https:\/\/estyl.pl\/blog\/wp-json\/wp\/v2\/posts"}],"about":[{"href":"https:\/\/estyl.pl\/blog\/wp-json\/wp\/v2\/types\/post"}],"author":[{"embeddable":true,"href":"https:\/\/estyl.pl\/blog\/wp-json\/wp\/v2\/users\/1"}],"replies":[{"embeddable":true,"href":"https:\/\/estyl.pl\/blog\/wp-json\/wp\/v2\/comments?post=4872"}],"version-history":[{"count":90,"href":"https:\/\/estyl.pl\/blog\/wp-json\/wp\/v2\/posts\/4872\/revisions"}],"predecessor-version":[{"id":34447,"href":"https:\/\/estyl.pl\/blog\/wp-json\/wp\/v2\/posts\/4872\/revisions\/34447"}],"wp:featuredmedia":[{"embeddable":true,"href":"https:\/\/estyl.pl\/blog\/wp-json\/wp\/v2\/media\/32534"}],"wp:attachment":[{"href":"https:\/\/estyl.pl\/blog\/wp-json\/wp\/v2\/media?parent=4872"}],"wp:term":[{"taxonomy":"category","embeddable":true,"href":"https:\/\/estyl.pl\/blog\/wp-json\/wp\/v2\/categories?post=4872"},{"taxonomy":"post_tag","embeddable":true,"href":"https:\/\/estyl.pl\/blog\/wp-json\/wp\/v2\/tags?post=4872"}],"curies":[{"name":"wp","href":"https:\/\/api.w.org\/{rel}","templated":true}]}}