{"id":6424,"date":"2012-01-20T10:23:51","date_gmt":"2012-01-20T09:23:51","guid":{"rendered":"https:\/\/estyl.pl\/blog\/?p=6424"},"modified":"2019-05-10T10:35:21","modified_gmt":"2019-05-10T08:35:21","slug":"guma-do-wlosow","status":"publish","type":"post","link":"https:\/\/estyl.pl\/blog\/guma-do-wlosow\/","title":{"rendered":"Guma do w\u0142os\u00f3w"},"content":{"rendered":"<h3><strong>Guma do stylizacji w\u0142os\u00f3w<\/strong> jest kosmetykiem, kt\u00f3ry bardzo dobrze utrwala u\u0142o\u017con\u0105 wcze\u015bniej fryzur\u0119. Guma do w\u0142os\u00f3w\u00a0<em><strong>zawiera\u00a0 w swym sk\u0142adzie o wiele mniejsz\u0105 ilo\u015b\u0107 wody<\/strong><\/em>, ni\u017c \u017cel do stylizacji, co zapewnia szybkie uk\u0142adanie oraz d\u0142u\u017csz\u0105 trwa\u0142o\u015b\u0107 fryzury.<\/h3>\n<p>Guma do w\u0142os\u00f3w<em><strong> ma sztywniejsz\u0105 od \u017celu konsystencj\u0119<\/strong><\/em>, dzi\u0119ki czemu nie pozostawia na w\u0142osach t\u0142ustego efektu, daj\u0105c lepszy efekt strukturyzuj\u0105cy. Wystarczy odrobina kosmetyku, by osi\u0105gn\u0105\u0107 dobry efekt stylizacyjny. Gum\u0119 do w\u0142os\u00f3w poleca si\u0119 g\u0142\u00f3wnie fryzurom z w\u0142os\u00f3w kr\u00f3tkich oraz p\u00f3\u0142d\u0142ugich.<\/p>\n<h3><!--more--><\/h3>\n<p>W\u0142osy d\u0142ugie i proste mog\u0105 \u017ale znosi\u0107 ten \u015brodek do stylizacji, gdy\u017c w\u0142osy pod jego wp\u0142ywem robi\u0105 si\u0119 bardziej sztywne i zbite. Rozr\u00f3\u017cniamy <strong>dwa rodzaje gumy do w\u0142os\u00f3w<\/strong>: <a href=\"http:\/\/estyl.pl\/l-oreal-play-ball-density-material-wosk-guma-elastycznie-strukturyzujaca-100-ml\" target=\"_blank\">gum\u0119 matow\u0105<\/a> oraz <a href=\"http:\/\/estyl.pl\/wlosy\/stylizacja\/pasty-gumy-i-pomady\" target=\"_blank\">gum\u0119 nadaj\u0105c\u0105 w\u0142osom po\u0142yk<\/a>.<\/p>\n<div class=\"minpic\"><a href=\"http:\/\/estyl.pl\/wella-professionals-shape-shift-bouncy-dip-guma-do-stylizacji-150-ml\" target=\"_blank\"><img decoding=\"async\" loading=\"lazy\" class=\"alignnone wp-image-6432 size-medium\" title=\"Guma do w\u0142os\u00f3w z serii Wella Professionals Shape nadaj\u0105ca fryzurze po\u0142ysku i elastyczno\u015bci.\" src=\"https:\/\/estyl.pl\/blog\/wp-content\/uploads\/2012\/01\/Wella-Professionals-Shape-Shift-300x300.jpg\" alt=\"guma do w\u0142os\u00f3w\" width=\"300\" height=\"300\" srcset=\"https:\/\/estyl.pl\/blog\/wp-content\/uploads\/2012\/01\/Wella-Professionals-Shape-Shift-300x300.jpg 300w, https:\/\/estyl.pl\/blog\/wp-content\/uploads\/2012\/01\/Wella-Professionals-Shape-Shift-150x150.jpg 150w, https:\/\/estyl.pl\/blog\/wp-content\/uploads\/2012\/01\/Wella-Professionals-Shape-Shift-261x261.jpg 261w, https:\/\/estyl.pl\/blog\/wp-content\/uploads\/2012\/01\/Wella-Professionals-Shape-Shift.jpg 480w\" sizes=\"(max-width: 300px) 100vw, 300px\" \/><\/a><a title=\"guma do w\u0142os\u00f3w\" href=\"http:\/\/estyl.pl\/l-oreal-play-ball-density-material-wosk-guma-elastycznie-strukturyzujaca-100-ml\" target=\"_blank\"><img decoding=\"async\" loading=\"lazy\" class=\"alignnone wp-image-6433 size-medium\" title=\"Guma L'Oreal Play Ball dodaj\u0105ca w\u0142osom obj\u0119to\u015bci i matowego wyko\u0144czenia.\" src=\"https:\/\/estyl.pl\/blog\/wp-content\/uploads\/2012\/01\/LOreal-Play-Ball-Density-Material-300x300.jpg\" alt=\"guma do w\u0142os\u00f3w\" width=\"300\" height=\"300\" srcset=\"https:\/\/estyl.pl\/blog\/wp-content\/uploads\/2012\/01\/LOreal-Play-Ball-Density-Material-300x300.jpg 300w, https:\/\/estyl.pl\/blog\/wp-content\/uploads\/2012\/01\/LOreal-Play-Ball-Density-Material-150x150.jpg 150w, https:\/\/estyl.pl\/blog\/wp-content\/uploads\/2012\/01\/LOreal-Play-Ball-Density-Material-261x261.jpg 261w, https:\/\/estyl.pl\/blog\/wp-content\/uploads\/2012\/01\/LOreal-Play-Ball-Density-Material.jpg 480w\" sizes=\"(max-width: 300px) 100vw, 300px\" \/><\/a><\/div>\n<p><em><strong>Gumy stylizuj\u0105cej<\/strong> <strong>u\u017cywamy<\/strong><\/em> na wysuszonych i u\u0142o\u017conych wcze\u015bniej w\u0142osach, jako ostatni etap stylizacji. Niewielk\u0105 ilo\u015b\u0107 preparatu rozgrzewamy w d\u0142oniach, po czym aplikujemy na na ca\u0142ej d\u0142ugo\u015bci w\u0142os\u00f3w lub na kilku pasmach, gdy zale\u017cy nam jedynie na zaakcentowaniu pewnych cz\u0119\u015bci fryzury.<\/p>\n","protected":false},"excerpt":{"rendered":"<p>Guma do stylizacji w\u0142os\u00f3w jest kosmetykiem, kt\u00f3ry bardzo dobrze utrwala u\u0142o\u017con\u0105 wcze\u015bniej fryzur\u0119. Guma do w\u0142os\u00f3w\u00a0zawiera\u00a0 w swym sk\u0142adzie o wiele mniejsz\u0105 ilo\u015b\u0107 wody, ni\u017c \u017cel do stylizacji, co zapewnia szybkie uk\u0142adanie oraz d\u0142u\u017csz\u0105 trwa\u0142o\u015b\u0107 fryzury. Guma do w\u0142os\u00f3w ma sztywniejsz\u0105 od \u017celu konsystencj\u0119, dzi\u0119ki czemu nie pozostawia na w\u0142osach t\u0142ustego efektu, daj\u0105c lepszy efekt [&hellip;]<\/p>\n","protected":false},"author":1,"featured_media":24955,"comment_status":"open","ping_status":"closed","sticky":false,"template":"","format":"standard","meta":{"_eb_attr":""},"categories":[5],"tags":[590],"acf":[],"yoast_head":"<!-- This site is optimized with the Yoast SEO plugin v20.8 - https:\/\/yoast.com\/wordpress\/plugins\/seo\/ -->\n<title>Guma do w\u0142os\u00f3w - utrwal swoj\u0105 fryzur\u0119<\/title>\n<meta name=\"description\" content=\"Guma do w\u0142os\u00f3w jest kosmetykiem, kt\u00f3ry bardzo dobrze utrwala u\u0142o\u017con\u0105 wcze\u015bniej fryzur\u0119. Przeczytaj jak j\u0105 u\u017cywa\u0107.\" \/>\n<meta name=\"robots\" content=\"index, follow, max-snippet:-1, max-image-preview:large, max-video-preview:-1\" \/>\n<link rel=\"canonical\" href=\"https:\/\/estyl.pl\/blog\/guma-do-wlosow\/\" \/>\n<meta property=\"og:locale\" content=\"pl_PL\" \/>\n<meta property=\"og:type\" content=\"article\" \/>\n<meta property=\"og:title\" content=\"Guma do w\u0142os\u00f3w - utrwal swoj\u0105 fryzur\u0119\" \/>\n<meta property=\"og:description\" content=\"Guma do w\u0142os\u00f3w jest kosmetykiem, kt\u00f3ry bardzo dobrze utrwala u\u0142o\u017con\u0105 wcze\u015bniej fryzur\u0119. Przeczytaj jak j\u0105 u\u017cywa\u0107.\" \/>\n<meta property=\"og:url\" content=\"https:\/\/estyl.pl\/blog\/guma-do-wlosow\/\" \/>\n<meta property=\"og:site_name\" content=\"Blog | Estyl.pl\" \/>\n<meta property=\"article:published_time\" content=\"2012-01-20T09:23:51+00:00\" \/>\n<meta property=\"article:modified_time\" content=\"2019-05-10T08:35:21+00:00\" \/>\n<meta property=\"og:image\" content=\"https:\/\/estyl.pl\/blog\/wp-content\/uploads\/2011\/10\/wosk-do-w\u0142os\u00f3w.jpg\" \/>\n\t<meta property=\"og:image:width\" content=\"755\" \/>\n\t<meta property=\"og:image:height\" content=\"320\" \/>\n\t<meta property=\"og:image:type\" content=\"image\/jpeg\" \/>\n<meta name=\"author\" content=\"admin\" \/>\n<meta name=\"twitter:label1\" content=\"Napisane przez\" \/>\n\t<meta name=\"twitter:data1\" content=\"admin\" \/>\n\t<meta name=\"twitter:label2\" content=\"Szacowany czas czytania\" \/>\n\t<meta name=\"twitter:data2\" content=\"1 minuta\" \/>\n<script type=\"application\/ld+json\" class=\"yoast-schema-graph\">{\"@context\":\"https:\/\/schema.org\",\"@graph\":[{\"@type\":\"WebPage\",\"@id\":\"https:\/\/estyl.pl\/blog\/guma-do-wlosow\/\",\"url\":\"https:\/\/estyl.pl\/blog\/guma-do-wlosow\/\",\"name\":\"Guma do w\u0142os\u00f3w - utrwal swoj\u0105 fryzur\u0119\",\"isPartOf\":{\"@id\":\"https:\/\/estyl.pl\/blog\/#website\"},\"datePublished\":\"2012-01-20T09:23:51+00:00\",\"dateModified\":\"2019-05-10T08:35:21+00:00\",\"author\":{\"@id\":\"https:\/\/estyl.pl\/blog\/#\/schema\/person\/22fff2064045ce23be580e18ca255220\"},\"description\":\"Guma do w\u0142os\u00f3w jest kosmetykiem, kt\u00f3ry bardzo dobrze utrwala u\u0142o\u017con\u0105 wcze\u015bniej fryzur\u0119. Przeczytaj jak j\u0105 u\u017cywa\u0107.\",\"breadcrumb\":{\"@id\":\"https:\/\/estyl.pl\/blog\/guma-do-wlosow\/#breadcrumb\"},\"inLanguage\":\"pl-PL\",\"potentialAction\":[{\"@type\":\"ReadAction\",\"target\":[\"https:\/\/estyl.pl\/blog\/guma-do-wlosow\/\"]}]},{\"@type\":\"BreadcrumbList\",\"@id\":\"https:\/\/estyl.pl\/blog\/guma-do-wlosow\/#breadcrumb\",\"itemListElement\":[{\"@type\":\"ListItem\",\"position\":1,\"name\":\"Stylizacja w\u0142os\u00f3w\",\"item\":\"https:\/\/estyl.pl\/blog\/stylizacja-wlosow\/\"},{\"@type\":\"ListItem\",\"position\":2,\"name\":\"Guma do w\u0142os\u00f3w\"}]},{\"@type\":\"WebSite\",\"@id\":\"https:\/\/estyl.pl\/blog\/#website\",\"url\":\"https:\/\/estyl.pl\/blog\/\",\"name\":\"Blog | Estyl.pl\",\"description\":\"Kosmetyki do w\u0142os\u00f3w, porady, piel\u0119gnacja, stylizacja\",\"potentialAction\":[{\"@type\":\"SearchAction\",\"target\":{\"@type\":\"EntryPoint\",\"urlTemplate\":\"https:\/\/estyl.pl\/blog\/?s={search_term_string}\"},\"query-input\":\"required name=search_term_string\"}],\"inLanguage\":\"pl-PL\"},{\"@type\":\"Person\",\"@id\":\"https:\/\/estyl.pl\/blog\/#\/schema\/person\/22fff2064045ce23be580e18ca255220\",\"name\":\"admin\",\"url\":\"https:\/\/estyl.pl\/blog\/author\/admin\/\"}]}<\/script>\n<!-- \/ Yoast SEO plugin. -->","yoast_head_json":{"title":"Guma do w\u0142os\u00f3w - utrwal swoj\u0105 fryzur\u0119","description":"Guma do w\u0142os\u00f3w jest kosmetykiem, kt\u00f3ry bardzo dobrze utrwala u\u0142o\u017con\u0105 wcze\u015bniej fryzur\u0119. Przeczytaj jak j\u0105 u\u017cywa\u0107.","robots":{"index":"index","follow":"follow","max-snippet":"max-snippet:-1","max-image-preview":"max-image-preview:large","max-video-preview":"max-video-preview:-1"},"canonical":"https:\/\/estyl.pl\/blog\/guma-do-wlosow\/","og_locale":"pl_PL","og_type":"article","og_title":"Guma do w\u0142os\u00f3w - utrwal swoj\u0105 fryzur\u0119","og_description":"Guma do w\u0142os\u00f3w jest kosmetykiem, kt\u00f3ry bardzo dobrze utrwala u\u0142o\u017con\u0105 wcze\u015bniej fryzur\u0119. Przeczytaj jak j\u0105 u\u017cywa\u0107.","og_url":"https:\/\/estyl.pl\/blog\/guma-do-wlosow\/","og_site_name":"Blog | Estyl.pl","article_published_time":"2012-01-20T09:23:51+00:00","article_modified_time":"2019-05-10T08:35:21+00:00","og_image":[{"width":755,"height":320,"url":"https:\/\/estyl.pl\/blog\/wp-content\/uploads\/2011\/10\/wosk-do-w\u0142os\u00f3w.jpg","type":"image\/jpeg"}],"author":"admin","twitter_misc":{"Napisane przez":"admin","Szacowany czas czytania":"1 minuta"},"schema":{"@context":"https:\/\/schema.org","@graph":[{"@type":"WebPage","@id":"https:\/\/estyl.pl\/blog\/guma-do-wlosow\/","url":"https:\/\/estyl.pl\/blog\/guma-do-wlosow\/","name":"Guma do w\u0142os\u00f3w - utrwal swoj\u0105 fryzur\u0119","isPartOf":{"@id":"https:\/\/estyl.pl\/blog\/#website"},"datePublished":"2012-01-20T09:23:51+00:00","dateModified":"2019-05-10T08:35:21+00:00","author":{"@id":"https:\/\/estyl.pl\/blog\/#\/schema\/person\/22fff2064045ce23be580e18ca255220"},"description":"Guma do w\u0142os\u00f3w jest kosmetykiem, kt\u00f3ry bardzo dobrze utrwala u\u0142o\u017con\u0105 wcze\u015bniej fryzur\u0119. Przeczytaj jak j\u0105 u\u017cywa\u0107.","breadcrumb":{"@id":"https:\/\/estyl.pl\/blog\/guma-do-wlosow\/#breadcrumb"},"inLanguage":"pl-PL","potentialAction":[{"@type":"ReadAction","target":["https:\/\/estyl.pl\/blog\/guma-do-wlosow\/"]}]},{"@type":"BreadcrumbList","@id":"https:\/\/estyl.pl\/blog\/guma-do-wlosow\/#breadcrumb","itemListElement":[{"@type":"ListItem","position":1,"name":"Stylizacja w\u0142os\u00f3w","item":"https:\/\/estyl.pl\/blog\/stylizacja-wlosow\/"},{"@type":"ListItem","position":2,"name":"Guma do w\u0142os\u00f3w"}]},{"@type":"WebSite","@id":"https:\/\/estyl.pl\/blog\/#website","url":"https:\/\/estyl.pl\/blog\/","name":"Blog | Estyl.pl","description":"Kosmetyki do w\u0142os\u00f3w, porady, piel\u0119gnacja, stylizacja","potentialAction":[{"@type":"SearchAction","target":{"@type":"EntryPoint","urlTemplate":"https:\/\/estyl.pl\/blog\/?s={search_term_string}"},"query-input":"required name=search_term_string"}],"inLanguage":"pl-PL"},{"@type":"Person","@id":"https:\/\/estyl.pl\/blog\/#\/schema\/person\/22fff2064045ce23be580e18ca255220","name":"admin","url":"https:\/\/estyl.pl\/blog\/author\/admin\/"}]}},"_links":{"self":[{"href":"https:\/\/estyl.pl\/blog\/wp-json\/wp\/v2\/posts\/6424"}],"collection":[{"href":"https:\/\/estyl.pl\/blog\/wp-json\/wp\/v2\/posts"}],"about":[{"href":"https:\/\/estyl.pl\/blog\/wp-json\/wp\/v2\/types\/post"}],"author":[{"embeddable":true,"href":"https:\/\/estyl.pl\/blog\/wp-json\/wp\/v2\/users\/1"}],"replies":[{"embeddable":true,"href":"https:\/\/estyl.pl\/blog\/wp-json\/wp\/v2\/comments?post=6424"}],"version-history":[{"count":34,"href":"https:\/\/estyl.pl\/blog\/wp-json\/wp\/v2\/posts\/6424\/revisions"}],"predecessor-version":[{"id":33261,"href":"https:\/\/estyl.pl\/blog\/wp-json\/wp\/v2\/posts\/6424\/revisions\/33261"}],"wp:featuredmedia":[{"embeddable":true,"href":"https:\/\/estyl.pl\/blog\/wp-json\/wp\/v2\/media\/24955"}],"wp:attachment":[{"href":"https:\/\/estyl.pl\/blog\/wp-json\/wp\/v2\/media?parent=6424"}],"wp:term":[{"taxonomy":"category","embeddable":true,"href":"https:\/\/estyl.pl\/blog\/wp-json\/wp\/v2\/categories?post=6424"},{"taxonomy":"post_tag","embeddable":true,"href":"https:\/\/estyl.pl\/blog\/wp-json\/wp\/v2\/tags?post=6424"}],"curies":[{"name":"wp","href":"https:\/\/api.w.org\/{rel}","templated":true}]}}