{"id":6777,"date":"2012-02-15T11:40:28","date_gmt":"2012-02-15T10:40:28","guid":{"rendered":"https:\/\/estyl.pl\/blog\/?p=6777"},"modified":"2019-12-19T12:05:29","modified_gmt":"2019-12-19T10:05:29","slug":"fryzury-odmladzajace-czyli-jak-zmienic-swoj-wizerunek","status":"publish","type":"post","link":"https:\/\/estyl.pl\/blog\/fryzury-odmladzajace-czyli-jak-zmienic-swoj-wizerunek\/","title":{"rendered":"Fryzury odm\u0142adzaj\u0105ce, czyli jak zmieni\u0107 sw\u00f3j wizerunek"},"content":{"rendered":"<p><span style=\"font-weight: 400;\">Ka\u017cdy z nas, bez wzgl\u0119du na p\u0142e\u0107, pragnie jak najd\u0142u\u017cej zachowa\u0107 sw\u0105 m\u0142odo\u015b\u0107. O ile dla m\u0119\u017cczyzn to kwestia czysto estetyczna, to kobiety podchodz\u0105 do tego samego tematu niezwykle osobi\u015bcie.\u00a0<\/span><span style=\"font-weight: 400;\">Zewsz\u0105d uderza nas m\u0142odo\u015b\u0107, witalno\u015b\u0107 i nieskazitelno\u015b\u0107 w ka\u017cdym aspekcie \u017cycia, dlatego m\u0142ody i atrakcyjny wizerunek to dla nas by\u0107 albo nie by\u0107. W \u015bwiecie wype\u0142nionym reklam\u0105 twarzy bez zmarszczek, cia\u0142 bez cellulitu i <\/span><a href=\"http:\/\/estyl.pl\/wlosy\/szampony\"><span style=\"font-weight: 400;\">szampon\u00f3w<\/span><\/a><span style=\"font-weight: 400;\"> dodaj\u0105cych w\u0142osom g\u0119sto\u015bci, wraz z up\u0142ywem czasu maleje nasza samoocena. Zanim zainwestujemy w gabinety medycyny estetycznej, zacznijmy od swojej fryzury. Przemy\u015blana zmiana uczesania oraz koloru w\u0142os\u00f3w potrafi skutecznie odm\u0142odzi\u0107 ka\u017cd\u0105 kobiet\u0119.\u00a0<\/span>Poznaj tiki fryzjerskie i sposoby uczesa\u0144, kt\u00f3re odm\u0142odz\u0105 Tw\u00f3j wizerunek o kilka lub kilkana\u015bcie lat.<\/p>\n<h2><!--more-->D\u0142ugo\u015b\u0107 w\u0142os\u00f3w<\/h2>\n<p><span style=\"font-weight: 400;\">Dobre strzy\u017cenie to pierwszy krok ku odm\u0142odzeniu swego wizerunku. Oczywi\u015bcie nowa fryzura powinna by\u0107 dostosowana do panuj\u0105cych trend\u00f3w i tendencji we fryzjerstwie. S\u0105 jednak z\u0142ote zasady, kt\u00f3rych warto si\u0119 trzyma\u0107 bez wzgl\u0119du na mod\u0119.<\/span><\/p>\n<p><span style=\"font-weight: 400;\">Im w\u0142os starszy, tym bardziej jest matowy i twardy, trudniej te\u017c utrzyma\u0107 jego witalno\u015b\u0107 i zdrowy wygl\u0105d. \u00a0Z tego powodu wielu stylist\u00f3w proponuje klientkom odm\u0142adzaj\u0105ce <a href=\"https:\/\/estyl.pl\/blog\/2011\/11\/dla-kogo-krotkie-wlosy\/\">fryzury kr\u00f3tkie<\/a> i p\u00f3\u0142d\u0142ugie, kt\u00f3re zdecydowanie odejmuj\u0105 lat. Zasada g\u0142osz\u0105ca teori\u0119: im jeste\u015b starsza tym kr\u00f3tsze w\u0142osy powinna\u015b nosi\u0107 to kwestia czysto indywidualna. \u0141adne i zadbane w\u0142osy prezentuj\u0105 si\u0119 dobrze w ka\u017cdym przedziale wiekowym.<\/span><\/p>\n<h2><strong>Fryzury odm\u0142adzaj\u0105ce po 30&#8230;<\/strong><\/h2>\n<p><span style=\"font-weight: 400;\">Najlepsza d\u0142ugo\u015b\u0107 w\u0142os\u00f3w dla dojrza\u0142ych Pa\u0144 to <a href=\"https:\/\/estyl.pl\/blog\/2011\/10\/wlosy-do-ramion\/\">fryzury do ramion<\/a>, delikatnie wycieniowane. Sp\u00f3jrz na \u201eDesperatki\u201d, czyli aktorki z serialu Desperate Housewives, kt\u00f3re ci\u0105gle nosz\u0105 d\u0142ugie i p\u00f3\u0142d\u0142ugie w\u0142osy. Jednak, by taka odm\u0142adzaj\u0105ca fryzura dobrze wygl\u0105da\u0142a, wymaga systematycznej piel\u0119gnacji. Regularne podcinanie ko\u0144c\u00f3wek oraz farbowanie odrost\u00f3w, w\u0142a\u015bciwie dobrane <\/span><a href=\"http:\/\/estyl.pl\/wlosy\"><span style=\"font-weight: 400;\">kosmetyki do w\u0142os\u00f3w<\/span><\/a><span style=\"font-weight: 400;\">, \u015brodki i <\/span><a href=\"http:\/\/estyl.pl\/volumifique-zestaw-nadajacy-objetosc-szampon-250ml-mleczko-200ml\"><span style=\"font-weight: 400;\">kuracje zwi\u0119kszaj\u0105ce obj\u0119to\u015b\u0107<\/span><\/a><span style=\"font-weight: 400;\"> oraz <\/span><a href=\"http:\/\/estyl.pl\/john-masters-organics-100-argan-oil-olejek-arganowy-59-ml\"><span style=\"font-weight: 400;\">olejki dodaj\u0105ce w\u0142osom blasku<\/span><\/a><span style=\"font-weight: 400;\"> \u2013 to podstawowe zabiegi poprawiaj\u0105ce wygl\u0105d w\u0142os\u00f3w. W\u0142osy powinny mi\u0119kko pod\u0105\u017ca\u0107 za ka\u017cdym ruchem g\u0142owy oraz zdrowo b\u0142yszcze\u0107. To naprawd\u0119 odejmuje lat.<\/span><\/p>\n<p><span style=\"font-weight: 400;\">Je\u015bli zale\u017cy Ci na m\u0142odym wygl\u0105dzie, bezwzgl\u0119dnie unikaj ekstremalnie asymetrycznego strzy\u017cenia, kt\u00f3re wyostrza kontury twarzy. Stawiamy na naturalne, dodaj\u0105ce lekko\u015bci ci\u0119cia. Ten typ strzy\u017cenia \u0142agodzi rysy, dodaj\u0105c \u015bwie\u017co\u015bci i odci\u0105gaj\u0105c uwag\u0119 od zmarszczek oraz mankament\u00f3w twarzy.<\/span><\/p>\n<p><a href=\"https:\/\/estyl.pl\/blog\/wp-content\/uploads\/2012\/02\/teri-hatcher-fryzura.jpg\" rel=\"lightbox[6777]\"><img decoding=\"async\" loading=\"lazy\" class=\"alignnone wp-image-6795 size-medium\" title=\"Fryzura do ramion i czekoladowe w\u0142osy z refleksami\" src=\"https:\/\/estyl.pl\/blog\/wp-content\/uploads\/2012\/02\/teri-hatcher-fryzura-219x300.jpg\" alt=\"fryzury odm\u0142adzaj\u0105ce\" width=\"219\" height=\"300\" srcset=\"https:\/\/estyl.pl\/blog\/wp-content\/uploads\/2012\/02\/teri-hatcher-fryzura-219x300.jpg 219w, https:\/\/estyl.pl\/blog\/wp-content\/uploads\/2012\/02\/teri-hatcher-fryzura-261x357.jpg 261w, https:\/\/estyl.pl\/blog\/wp-content\/uploads\/2012\/02\/teri-hatcher-fryzura.jpg 292w\" sizes=\"(max-width: 219px) 100vw, 219px\" \/><\/a><a href=\"https:\/\/estyl.pl\/blog\/wp-content\/uploads\/2012\/02\/Felicity_Huffman-fryzura.jpg\" rel=\"lightbox[6777]\"><img decoding=\"async\" loading=\"lazy\" class=\"alignnone wp-image-6796 size-medium\" title=\"Stonowany blond i fale dodaj\u0105 \u015bwie\u017co\u015bci\" src=\"https:\/\/estyl.pl\/blog\/wp-content\/uploads\/2012\/02\/Felicity_Huffman-fryzura-201x300.jpg\" alt=\"fryzury odm\u0142adzaj\u0105ce\" width=\"201\" height=\"300\" srcset=\"https:\/\/estyl.pl\/blog\/wp-content\/uploads\/2012\/02\/Felicity_Huffman-fryzura-201x300.jpg 201w, https:\/\/estyl.pl\/blog\/wp-content\/uploads\/2012\/02\/Felicity_Huffman-fryzura-261x389.jpg 261w, https:\/\/estyl.pl\/blog\/wp-content\/uploads\/2012\/02\/Felicity_Huffman-fryzura.jpg 268w\" sizes=\"(max-width: 201px) 100vw, 201px\" \/><\/a><a href=\"https:\/\/estyl.pl\/blog\/wp-content\/uploads\/2012\/02\/marcia-cross-fryzura.jpg\" rel=\"lightbox[6777]\"><img decoding=\"async\" loading=\"lazy\" class=\"alignnone wp-image-6797 size-medium\" title=\"Po\u0142ysk i mi\u0119kko\u015b\u0107 w\u0142os\u00f3w to oznaka zadbanej fryzury\" src=\"https:\/\/estyl.pl\/blog\/wp-content\/uploads\/2012\/02\/marcia-cross-fryzura-207x300.jpg\" alt=\"fryzury odm\u0142adzaj\u0105ce\" width=\"207\" height=\"300\" srcset=\"https:\/\/estyl.pl\/blog\/wp-content\/uploads\/2012\/02\/marcia-cross-fryzura-207x300.jpg 207w, https:\/\/estyl.pl\/blog\/wp-content\/uploads\/2012\/02\/marcia-cross-fryzura-261x378.jpg 261w, https:\/\/estyl.pl\/blog\/wp-content\/uploads\/2012\/02\/marcia-cross-fryzura.jpg 276w\" sizes=\"(max-width: 207px) 100vw, 207px\" \/><\/a><\/p>\n<h2><strong>&#8230;i po 40<\/strong><\/h2>\n<p><span style=\"font-weight: 400;\">Ta magiczna granica, z jakich\u015b powod\u00f3w wyznacza moment, w kt\u00f3rym kobiety zaczynaj\u0105 konsekwentnie \u015bcina\u0107 swoje w\u0142osy. O ile istnieje co\u015b takiego jak \u201cby\u0107 w odpowiednim wieku\u201d albo \u201cby\u0107 ju\u017c wystarczaj\u0105co starym by\u201d, to taka fryzura mo\u017ce by\u0107 nie tylko okazj\u0105 do zmienienia swojego wizerunku, ale r\u00f3wnie\u017c do cofni\u0119cia procesu starzenia o kilka lat! Kr\u00f3tkie fryzury odm\u0142adzaj\u0105ce maj\u0105 niesamowity potencja\u0142 i mog\u0105 zadzia\u0142a\u0107 jak dobry lifting nie tylko dla naszego samopoczucia. Cieniowane <a href=\"https:\/\/estyl.pl\/blog\/2013\/10\/dla-kogo-grzywka-czyli-5-zalet-noszenia-grzywek\/\">fryzury z grzywk\u0105<\/a>, klasyczne pixie cuty, fryzury z irokezem czy eleganckie bowl cuty, s\u0105 alternatyw\u0105 nie tylko dla Pa\u0144 powy\u017cej czterdziestki. \u00a0<\/span><\/p>\n<p><span style=\"font-weight: 400;\">Najwa\u017cniejsze, by fryzura pasowa\u0142a do naszych rys\u00f3w, ale r\u00f3wnie\u017c do naszej osobowo\u015bci. Pstrokate kolory, ewentualnie kontrastowo zafarbowana grzywka, nie b\u0119dzie pasowa\u0107 do kogo\u015b i zawsze b\u0119dzie wprowadza\u0107 dysonans, je\u015bli jest si\u0119 osob\u0105 spokojn\u0105 i stonowan\u0105. Potargane, zwiewne, lekkie i pod\u0105\u017caj\u0105ce za nasz\u0105 g\u0142ow\u0105 odm\u0142adzaj\u0105ce fryzury powinny przypomina\u0107 dzieci\u0119c\u0105, sportow\u0105 klasyk\u0119. Koki i zbyt stylizowane potrafi\u0105 doda\u0107 nawet 10 lat.<\/span><\/p>\n<h2>Upi\u0119cia w\u0142os\u00f3w<\/h2>\n<p><strong>Upi\u0119cia imituj\u0105ce kask lub he\u0142m wybitnie postarzaj\u0105<\/strong>, nadaj\u0105c si\u0119 jedynie na wyj\u015bcia okoliczno\u015bciowe. Wybieraj\u0105c fryzur\u0119 codzienn\u0105 stawiamy na odm\u0142adzaj\u0105cy powiew \u015bwie\u017co\u015bci. Codziennej wersji upi\u0119cia szukaj w\u015br\u00f3d takich uczesa\u0144, jak <strong><em>odm\u0142adzaj\u0105ce ko\u0144skie ogony<\/em><\/strong> lub romantyczne i lu\u017ane upi\u0119cia w\u0142os\u00f3w. Ko\u0144ski ogon nie musi kojarzy\u0107 si\u0119 tylko ze sportem. Jego bardziej wyj\u015bciowa wersja idealnie r\u00f3wnowa\u017cy elegancj\u0119 ze \u015bwie\u017co\u015bci\u0105. R\u00f3wnie twarzowe i odm\u0142adzaj\u0105ce s\u0105 <a href=\"https:\/\/estyl.pl\/blog\/2016\/09\/jesienne-fryzury\/\"><em><strong>lu\u017ane upi\u0119cia i koczki<\/strong><\/em><\/a>. Wszelkie fryzury, gdzie w\u0142osy mi\u0119kko okalaj\u0105 twarz odejmuj\u0105 lat. Upi\u0119cie ma by\u0107 <strong>mi\u0119kkie i \u0142agodne, ale pe\u0142ne \u017cycia<\/strong>, niczym fryzura dziecka.<\/p>\n<h2><strong>Jak upi\u0105\u0107 d\u0142ugie w\u0142osy?<\/strong><\/h2>\n<p><span style=\"font-weight: 400;\">Rodzaj\u00f3w modnych upi\u0119\u0107 w\u0142os\u00f3w jest wiele pocz\u0105wszy od zwyk\u0142ego kucyka, a\u017c po warkocz dobierany. Najprostszym sposobem upi\u0119cia w\u0142os\u00f3w jest oczywi\u015bcie kucyk. Elegancki czy w nie\u0142adzie zawsze b\u0119dzie si\u0119 prezentowa\u0142 dobrze na sportowo czy po domu. Inn\u0105 odmian\u0105 kucyka jest kucyk, lecz zawini\u0119ty w supe\u0142. Ostatnio coraz wi\u0119cej kobiet nosi tzw. <\/span><b>koki francuskie<\/b><span style=\"font-weight: 400;\"> &#8211; wygl\u0105daj\u0105 niechlujnie, jakby\u015bmy dopiero wsta\u0142y z \u0142\u00f3\u017cka. Jest oczywi\u015bcie mn\u00f3stwo innych rodzaj\u00f3w upi\u0119cia w\u0142os\u00f3w &#8211; mniej lub bardziej eleganckich &#8211; kt\u00f3re nadadz\u0105 odm\u0142adzaj\u0105cej fryzurze praktycznego charakteru. <\/span><\/p>\n<p><a href=\"https:\/\/estyl.pl\/blog\/wp-content\/uploads\/2012\/02\/upiecie1.jpg\" rel=\"lightbox[6777]\"><img decoding=\"async\" loading=\"lazy\" class=\"alignnone wp-image-6790 size-medium\" title=\"Oryginalne upi\u0119cie na karku\" src=\"https:\/\/estyl.pl\/blog\/wp-content\/uploads\/2012\/02\/upiecie1-246x300.jpg\" alt=\"fryzury odm\u0142adzaj\u0105ce\" width=\"246\" height=\"300\" srcset=\"https:\/\/estyl.pl\/blog\/wp-content\/uploads\/2012\/02\/upiecie1-246x300.jpg 246w, https:\/\/estyl.pl\/blog\/wp-content\/uploads\/2012\/02\/upiecie1-261x317.jpg 261w, https:\/\/estyl.pl\/blog\/wp-content\/uploads\/2012\/02\/upiecie1.jpg 329w\" sizes=\"(max-width: 246px) 100vw, 246px\" \/><\/a><a href=\"https:\/\/estyl.pl\/blog\/wp-content\/uploads\/2012\/02\/upiecie2.jpg\" rel=\"lightbox[6777]\"><img decoding=\"async\" loading=\"lazy\" class=\"alignnone wp-image-6791 size-medium\" title=\"Sko\u015bna grzywka i kok dodaj\u0105 \u0142agodno\u015bci\" src=\"https:\/\/estyl.pl\/blog\/wp-content\/uploads\/2012\/02\/upiecie2-222x300.jpg\" alt=\"\" width=\"222\" height=\"300\" srcset=\"https:\/\/estyl.pl\/blog\/wp-content\/uploads\/2012\/02\/upiecie2-222x300.jpg 222w, https:\/\/estyl.pl\/blog\/wp-content\/uploads\/2012\/02\/upiecie2-261x351.jpg 261w, https:\/\/estyl.pl\/blog\/wp-content\/uploads\/2012\/02\/upiecie2.jpg 297w\" sizes=\"(max-width: 222px) 100vw, 222px\" \/><\/a><\/p>\n<h2>Refleksy we w\u0142osach<\/h2>\n<p>Przy wyborze koloru w\u0142os\u00f3w musimy pami\u0119ta\u0107 o jednej zasadzie: <strong>ostre kontrasty postarzaj\u0105 <\/strong>w ka\u017cdym wieku. Najlepsza opcja to wyb\u00f3r <strong>jednolitego koloru<\/strong> w\u0142os\u00f3w lub <strong>twarzowych refleks\u00f3w<\/strong>. W\u0142osy mu\u015bni\u0119te s\u0142o\u0144cem dodaj\u0105 m\u0142odzie\u0144czo\u015bci, odwracaj\u0105c uwag\u0119 od zmarszczek. Bardzo kontrastowy baleja\u017c lub zbyt ciemny kolor w\u0142os\u00f3w wyostrza kontury twarzy oraz podkre\u015bla wady sk\u00f3ry. <em><strong>Z wiekiem stawiamy na roz\u015bwietlenie<\/strong><\/em>. Zasada ta dotoczy nie tylko makija\u017cu, ale i koloru w\u0142os\u00f3w. Ostra czer\u0144, platynowy <a href=\"http:\/\/estyl.pl\/wlosy\/wedlug-rodzajow-wlosow\/wlosy-blond\" target=\"_blank\">blond<\/a> lub baleja\u017c w mocnych, przeciwstawnych kolorach wyr\u00f3\u017cni Ci\u0119 z t\u0142umu, ale doda Ci te\u017c lat. <a href=\"https:\/\/estyl.pl\/blog\/2014\/07\/refleksy-na-wlosach\/\" target=\"_blank\">Refleksy we w\u0142osach<\/a>, stonowane blondy, czekoladowe, czy miodowe kolory w\u0142os\u00f3w to doskona\u0142e <strong>barwy \u015bwie\u017co\u015bci<\/strong>.<\/p>\n<h3><strong>Jak zrobi\u0107 refleksy we w\u0142osach?<\/strong><\/h3>\n<p><span style=\"font-weight: 400;\">Najpierw nale\u017cy zdecydowa\u0107 si\u0119, jaki efekt chcemy osi\u0105gn\u0105\u0107. Nast\u0119pnie czy zrobimy to same, p\u00f3jdziemy do stylisty, czy si\u0119gn\u0105\u0107 po pomoc przyjaci\u00f3\u0142ki. Najwa\u017cniejsze to wyb\u00f3r odcienia. Ch\u0142odne kolory w\u0142os\u00f3w, b\u0119d\u0105 dobrze prezentowa\u0107 si\u0119 z ch\u0142odnymi odcieniami farb lub neutralnymi. Przyda si\u0119 toner, aby zgasi\u0107 zbyt \u017c\u00f3\u0142te lub zbyt rude refleksy &#8211; maj\u0105 one dawa\u0107 tylko cie\u0144 \u015bwiat\u0142a, a nie by\u0107 ich widoczn\u0105, rozr\u00f3\u017cnialn\u0105 form\u0105. Na rude refleksy u\u017cywamy tonera niebieskiego, a na \u017c\u00f3\u0142te fioletowego. Je\u015bli wci\u0105\u017c zastanawiasz si\u0119 nad rodzajem refleks\u00f3w, a nie kolorem, to w wyborze mog\u0105 Ci pom\u00f3c poni\u017csze sugestie:<\/span><\/p>\n<h4><strong>Pasemka na w\u0142osach<\/strong><\/h4>\n<p><span style=\"font-weight: 400;\">S\u0105 ju\u017c raczej niemodne, gdy\u017c przynosz\u0105 na my\u015bl efekt borsuka. Panie przewa\u017cnie wybiera\u0142y trzy odcienie o kilka ton\u00f3w r\u00f3\u017cni\u0105cych si\u0119 od ich naturalnego koloru w\u0142os\u00f3w. <\/span><\/p>\n<h4><strong>Baleja\u017c<\/strong><\/h4>\n<p><span style=\"font-weight: 400;\">To podobna technika co pasemka, jednak jest ich o wiele wi\u0119cej, ale za to o tylko ton lub dwa ja\u015bniejsze lub ciemniejsze. Takie refleksy daj\u0105 wra\u017cenie bardziej g\u0119stych w\u0142os\u00f3w.<\/span><\/p>\n<h4><strong>Flamboyage<\/strong><\/h4>\n<p><span style=\"font-weight: 400;\">Technika, kt\u00f3ra pozwala zachowa\u0107 naturalny kolor w\u0142os\u00f3w z efektem \u201cmu\u015bni\u0119cia s\u0142o\u0144cem\u201d. Zalet\u0105 takiej koloryzacji jest to, \u017ce dzi\u0119ki paskom d\u0142ugo\u015bci naszych w\u0142os\u00f3w, precyzyjnie podkre\u015blamy nasz naturalny kolor w\u0142os\u00f3w.<\/span><\/p>\n<h4><strong>Koloryzacja colpi di sole<\/strong><\/h4>\n<p><span style=\"font-weight: 400;\">Zasada koloryzacji copli di sole polega na tym samym, co baleja\u017c z jedn\u0105 r\u00f3\u017cnic\u0105. W\u0142osy s\u0105 farbuje si\u0119 cienkimi pasmami jedynie przy koronie w\u0142os\u00f3w.<\/span><\/p>\n<p><span style=\"font-weight: 400;\">Przy delikatnych koloryzacjach w\u0142os\u00f3w warto si\u0119gn\u0105\u0107 po specjalistyczn\u0105 piel\u0119gnacj\u0119. <\/span><a href=\"http:\/\/estyl.pl\/loreal-vitamino-color-zestaw-do-wlosow-farbowanych-szampon-1500-ml-odzywka-750-ml-1\"><span style=\"font-weight: 400;\">Loreal Vitamino Color A-OX Zestaw do w\u0142os\u00f3w farbowanych<\/span><\/a><span style=\"font-weight: 400;\"> zawiera witamin\u0119 E, kt\u00f3ra dzia\u0142a antyutleniaj\u0105co, panthenol oraz filtry UV, kt\u00f3re chroni\u0105 przed blakni\u0119ciem powodowanym przez promienie s\u0142oneczne, dzi\u0119ki czemu w\u0142osy s\u0105 delikatnie oczyszczone, mi\u0119kkie, g\u0142adkie i b\u0142yszcz\u0105ce.<\/span><\/p>\n<p><a href=\"https:\/\/estyl.pl\/blog\/wp-content\/uploads\/2012\/02\/jessica-alba-refleksy1.jpg\" rel=\"lightbox[6777]\"><img decoding=\"async\" loading=\"lazy\" class=\"alignnone wp-image-6800 size-medium\" title=\"Refleksy na ciemnych w\u0142osach dodaj\u0105 \u015bwie\u017co\u015bci\" src=\"https:\/\/estyl.pl\/blog\/wp-content\/uploads\/2012\/02\/jessica-alba-refleksy1-210x300.jpg\" alt=\"fryzury odm\u0142adzaj\u0105ce\" width=\"210\" height=\"300\" srcset=\"https:\/\/estyl.pl\/blog\/wp-content\/uploads\/2012\/02\/jessica-alba-refleksy1-210x300.jpg 210w, https:\/\/estyl.pl\/blog\/wp-content\/uploads\/2012\/02\/jessica-alba-refleksy1-261x371.jpg 261w, https:\/\/estyl.pl\/blog\/wp-content\/uploads\/2012\/02\/jessica-alba-refleksy1.jpg 281w\" sizes=\"(max-width: 210px) 100vw, 210px\" \/><\/a><a href=\"https:\/\/estyl.pl\/blog\/wp-content\/uploads\/2012\/02\/Angelina_Jolie_refleksy2.jpg\" rel=\"lightbox[6777]\"><img decoding=\"async\" loading=\"lazy\" class=\"alignnone wp-image-6801 size-medium\" title=\"Angelina Jolie z up\u0142ywem czasu zmieni\u0142a sw\u00f3j wizerunek na \u0142agodnieszy\" src=\"https:\/\/estyl.pl\/blog\/wp-content\/uploads\/2012\/02\/Angelina_Jolie_refleksy2-231x300.jpg\" alt=\"fryzury odm\u0142adzaj\u0105ce\" width=\"231\" height=\"300\" srcset=\"https:\/\/estyl.pl\/blog\/wp-content\/uploads\/2012\/02\/Angelina_Jolie_refleksy2-231x300.jpg 231w, https:\/\/estyl.pl\/blog\/wp-content\/uploads\/2012\/02\/Angelina_Jolie_refleksy2-261x338.jpg 261w, https:\/\/estyl.pl\/blog\/wp-content\/uploads\/2012\/02\/Angelina_Jolie_refleksy2.jpg 308w\" sizes=\"(max-width: 231px) 100vw, 231px\" \/><\/a><a href=\"https:\/\/estyl.pl\/blog\/wp-content\/uploads\/2012\/02\/sophie-refleksy3.jpg\" rel=\"lightbox[6777]\"><img decoding=\"async\" loading=\"lazy\" class=\"alignnone wp-image-6802 size-medium\" title=\"W\u0142osy, niczym mu\u015bni\u0119te s\u0142o\u0144cem to zabieg trudny do wykonania w warunkach domowych\" src=\"https:\/\/estyl.pl\/blog\/wp-content\/uploads\/2012\/02\/sophie-refleksy3-213x300.jpg\" alt=\"fryzury odm\u0142adzaj\u0105ce\" width=\"213\" height=\"300\" srcset=\"https:\/\/estyl.pl\/blog\/wp-content\/uploads\/2012\/02\/sophie-refleksy3-213x300.jpg 213w, https:\/\/estyl.pl\/blog\/wp-content\/uploads\/2012\/02\/sophie-refleksy3-261x367.jpg 261w, https:\/\/estyl.pl\/blog\/wp-content\/uploads\/2012\/02\/sophie-refleksy3.jpg 284w\" sizes=\"(max-width: 213px) 100vw, 213px\" \/><\/a><\/p>\n<h2>Grzywka<\/h2>\n<p>Najbardziej odm\u0142adzaj\u0105c\u0105 wersj\u0105 grzywki jest <strong>grzywka postrz\u0119piona, kt\u00f3ra nie jest za ci\u0119\u017cka<\/strong>. Modne w sezonie 2012 pocieniowane grzywki sko\u015bne odzwierciedlaj\u0105 ten trend. Lekko asymetryczna grzywka dodaje lekko\u015bci odci\u0105gaj\u0105c te\u017c uwag\u0119 od mankament\u00f3w cery.\u00a0<a href=\"https:\/\/estyl.pl\/blog\/2013\/10\/kiedy-grzywka-nie-pasuje-czyli-minusy-noszenia-grzywek\/\" target=\"_blank\">Sko\u015bna grzywka<\/a> dobrze maskuje wszelkie defekty czo\u0142a, ale nie powinna by\u0107 zbyt obfita. Mimo \u017ce ci\u0119\u017cka, prosta grzywka pasuje do urody niekt\u00f3rych Pa\u0144, potrafi te\u017c doda\u0107 niepotrzebnej powagi, postarzaj\u0105c. <strong>Ci\u0119\u017cka i prosta grzywka mo\u017ce doda\u0107 wizerunkowi surowego wygl\u0105du<\/strong>, a nawet zb\u0119dnych kilogram\u00f3w.<\/p>\n<div class=\"minpic\"><a href=\"https:\/\/estyl.pl\/blog\/wp-content\/uploads\/2012\/02\/Olivia-Wilde-grzywka1.jpg\" rel=\"lightbox[6777]\"><img decoding=\"async\" loading=\"lazy\" class=\"alignnone wp-image-6803 size-medium\" title=\"Wycieniowana grzywka odm\u0142adza twarz\" src=\"https:\/\/estyl.pl\/blog\/wp-content\/uploads\/2012\/02\/Olivia-Wilde-grzywka1-216x300.jpg\" alt=\"\" width=\"216\" height=\"300\" srcset=\"https:\/\/estyl.pl\/blog\/wp-content\/uploads\/2012\/02\/Olivia-Wilde-grzywka1-216x300.jpg 216w, https:\/\/estyl.pl\/blog\/wp-content\/uploads\/2012\/02\/Olivia-Wilde-grzywka1-261x362.jpg 261w, https:\/\/estyl.pl\/blog\/wp-content\/uploads\/2012\/02\/Olivia-Wilde-grzywka1.jpg 288w\" sizes=\"(max-width: 216px) 100vw, 216px\" \/><\/a><a href=\"https:\/\/estyl.pl\/blog\/wp-content\/uploads\/2012\/02\/Monica+Cruz-grzywka2.jpg\" rel=\"lightbox[6777]\"><img decoding=\"async\" loading=\"lazy\" class=\"alignnone wp-image-6804 size-medium\" title=\"Lekka, przerzedzona grzywka kojarzy si\u0119 z m\u0142odo\u015bci\u0105\" src=\"https:\/\/estyl.pl\/blog\/wp-content\/uploads\/2012\/02\/Monica+Cruz-grzywka2-214x300.jpg\" alt=\"fryzury odm\u0142adzaj\u0105ce\" width=\"214\" height=\"300\" srcset=\"https:\/\/estyl.pl\/blog\/wp-content\/uploads\/2012\/02\/Monica+Cruz-grzywka2-214x300.jpg 214w, https:\/\/estyl.pl\/blog\/wp-content\/uploads\/2012\/02\/Monica+Cruz-grzywka2-261x365.jpg 261w, https:\/\/estyl.pl\/blog\/wp-content\/uploads\/2012\/02\/Monica+Cruz-grzywka2.jpg 286w\" sizes=\"(max-width: 214px) 100vw, 214px\" \/><\/a><a href=\"https:\/\/estyl.pl\/blog\/wp-content\/uploads\/2012\/02\/keira-knightley-grzywka3.jpg\" rel=\"lightbox[6777]\"><img decoding=\"async\" loading=\"lazy\" class=\"alignnone wp-image-6805 size-medium\" title=\"Postrz\u0119piona sko\u015bna grzywka i kr\u00f3tkie, warstwowe cieniowanie odejmuje lat\" src=\"https:\/\/estyl.pl\/blog\/wp-content\/uploads\/2012\/02\/keira-knightley-grzywka3-219x300.jpg\" alt=\"fryzury odm\u0142adzaj\u0105ce\" width=\"219\" height=\"300\" srcset=\"https:\/\/estyl.pl\/blog\/wp-content\/uploads\/2012\/02\/keira-knightley-grzywka3-219x300.jpg 219w, https:\/\/estyl.pl\/blog\/wp-content\/uploads\/2012\/02\/keira-knightley-grzywka3-261x356.jpg 261w, https:\/\/estyl.pl\/blog\/wp-content\/uploads\/2012\/02\/keira-knightley-grzywka3.jpg 293w\" sizes=\"(max-width: 219px) 100vw, 219px\" \/><\/a><\/div>\n<h3>Unikaj:<\/h3>\n<ul>\n<li>radykalnych ci\u0119\u0107 i zbyt asymetrycznego strzy\u017cenia;<\/li>\n<li>sztywnych babcinych uczesa\u0144, sprawiaj\u0105cych wra\u017cenie he\u0142mu;<\/li>\n<li>mocnych kontrast\u00f3w kolorystycznych;<\/li>\n<li>ci\u0119\u017ckich grzywek, kt\u00f3re mog\u0105 postarza\u0107.<\/li>\n<\/ul>\n<p><span style=\"font-weight: 400;\">Mamy nadziej\u0119, \u017ce owe fryzury odm\u0142adzaj\u0105ce sprawi\u0105, \u017ce poczujecie si\u0119 tak m\u0142odo, jak pragniecie.<\/span><\/p>\n","protected":false},"excerpt":{"rendered":"<p>Ka\u017cdy z nas, bez wzgl\u0119du na p\u0142e\u0107, pragnie jak najd\u0142u\u017cej zachowa\u0107 sw\u0105 m\u0142odo\u015b\u0107. O ile dla m\u0119\u017cczyzn to kwestia czysto estetyczna, to kobiety podchodz\u0105 do tego samego tematu niezwykle osobi\u015bcie.\u00a0Zewsz\u0105d uderza nas m\u0142odo\u015b\u0107, witalno\u015b\u0107 i nieskazitelno\u015b\u0107 w ka\u017cdym aspekcie \u017cycia, dlatego m\u0142ody i atrakcyjny wizerunek to dla nas by\u0107 albo nie by\u0107. W \u015bwiecie wype\u0142nionym [&hellip;]<\/p>\n","protected":false},"author":23,"featured_media":25641,"comment_status":"open","ping_status":"closed","sticky":false,"template":"","format":"standard","meta":{"_eb_attr":""},"categories":[5],"tags":[13,612,613],"acf":[],"yoast_head":"<!-- This site is optimized with the Yoast SEO plugin v20.8 - https:\/\/yoast.com\/wordpress\/plugins\/seo\/ -->\n<title>Fryzury odm\u0142adzaj\u0105ce - jak odmieni\u0107 sw\u00f3j wizerunek?<\/title>\n<meta name=\"description\" content=\"Czy w\u0142osy mog\u0105 odejmowa\u0107 lat? Oczywi\u015bcie! Fryzury odm\u0142adzaj\u0105ce daj\u0105 ol\u015bniewaj\u0105cy efekt, a my podpowiadamy, jak go osi\u0105gn\u0105\u0107.\" \/>\n<meta name=\"robots\" content=\"index, follow, max-snippet:-1, max-image-preview:large, max-video-preview:-1\" \/>\n<link rel=\"canonical\" href=\"https:\/\/estyl.pl\/blog\/fryzury-odmladzajace-czyli-jak-zmienic-swoj-wizerunek\/\" \/>\n<meta property=\"og:locale\" content=\"pl_PL\" \/>\n<meta property=\"og:type\" content=\"article\" \/>\n<meta property=\"og:title\" content=\"Fryzury odm\u0142adzaj\u0105ce - jak odmieni\u0107 sw\u00f3j wizerunek?\" \/>\n<meta property=\"og:description\" content=\"Czy w\u0142osy mog\u0105 odejmowa\u0107 lat? Oczywi\u015bcie! Fryzury odm\u0142adzaj\u0105ce daj\u0105 ol\u015bniewaj\u0105cy efekt, a my podpowiadamy, jak go osi\u0105gn\u0105\u0107.\" \/>\n<meta property=\"og:url\" content=\"https:\/\/estyl.pl\/blog\/fryzury-odmladzajace-czyli-jak-zmienic-swoj-wizerunek\/\" \/>\n<meta property=\"og:site_name\" content=\"Blog | Estyl.pl\" \/>\n<meta property=\"article:author\" content=\"kdrogowskakwasnik\" \/>\n<meta property=\"article:published_time\" content=\"2012-02-15T10:40:28+00:00\" \/>\n<meta property=\"article:modified_time\" content=\"2019-12-19T10:05:29+00:00\" \/>\n<meta property=\"og:image\" content=\"https:\/\/estyl.pl\/blog\/wp-content\/uploads\/2012\/02\/fryzury-odm\u0142adzaj\u0105ce.png\" \/>\n\t<meta property=\"og:image:width\" content=\"755\" \/>\n\t<meta property=\"og:image:height\" content=\"320\" \/>\n\t<meta property=\"og:image:type\" content=\"image\/png\" \/>\n<meta name=\"author\" content=\"Karolina\" \/>\n<meta name=\"twitter:label1\" content=\"Napisane przez\" \/>\n\t<meta name=\"twitter:data1\" content=\"Karolina\" \/>\n\t<meta name=\"twitter:label2\" content=\"Szacowany czas czytania\" \/>\n\t<meta name=\"twitter:data2\" content=\"7 minut\" \/>\n<script type=\"application\/ld+json\" class=\"yoast-schema-graph\">{\"@context\":\"https:\/\/schema.org\",\"@graph\":[{\"@type\":\"WebPage\",\"@id\":\"https:\/\/estyl.pl\/blog\/fryzury-odmladzajace-czyli-jak-zmienic-swoj-wizerunek\/\",\"url\":\"https:\/\/estyl.pl\/blog\/fryzury-odmladzajace-czyli-jak-zmienic-swoj-wizerunek\/\",\"name\":\"Fryzury odm\u0142adzaj\u0105ce - jak odmieni\u0107 sw\u00f3j wizerunek?\",\"isPartOf\":{\"@id\":\"https:\/\/estyl.pl\/blog\/#website\"},\"datePublished\":\"2012-02-15T10:40:28+00:00\",\"dateModified\":\"2019-12-19T10:05:29+00:00\",\"author\":{\"@id\":\"https:\/\/estyl.pl\/blog\/#\/schema\/person\/debe1fb907542b5dc82bccc2029e474f\"},\"description\":\"Czy w\u0142osy mog\u0105 odejmowa\u0107 lat? Oczywi\u015bcie! Fryzury odm\u0142adzaj\u0105ce daj\u0105 ol\u015bniewaj\u0105cy efekt, a my podpowiadamy, jak go osi\u0105gn\u0105\u0107.\",\"breadcrumb\":{\"@id\":\"https:\/\/estyl.pl\/blog\/fryzury-odmladzajace-czyli-jak-zmienic-swoj-wizerunek\/#breadcrumb\"},\"inLanguage\":\"pl-PL\",\"potentialAction\":[{\"@type\":\"ReadAction\",\"target\":[\"https:\/\/estyl.pl\/blog\/fryzury-odmladzajace-czyli-jak-zmienic-swoj-wizerunek\/\"]}]},{\"@type\":\"BreadcrumbList\",\"@id\":\"https:\/\/estyl.pl\/blog\/fryzury-odmladzajace-czyli-jak-zmienic-swoj-wizerunek\/#breadcrumb\",\"itemListElement\":[{\"@type\":\"ListItem\",\"position\":1,\"name\":\"Stylizacja w\u0142os\u00f3w\",\"item\":\"https:\/\/estyl.pl\/blog\/stylizacja-wlosow\/\"},{\"@type\":\"ListItem\",\"position\":2,\"name\":\"Fryzury odm\u0142adzaj\u0105ce, czyli jak zmieni\u0107 sw\u00f3j wizerunek\"}]},{\"@type\":\"WebSite\",\"@id\":\"https:\/\/estyl.pl\/blog\/#website\",\"url\":\"https:\/\/estyl.pl\/blog\/\",\"name\":\"Blog | Estyl.pl\",\"description\":\"Kosmetyki do w\u0142os\u00f3w, porady, piel\u0119gnacja, stylizacja\",\"potentialAction\":[{\"@type\":\"SearchAction\",\"target\":{\"@type\":\"EntryPoint\",\"urlTemplate\":\"https:\/\/estyl.pl\/blog\/?s={search_term_string}\"},\"query-input\":\"required name=search_term_string\"}],\"inLanguage\":\"pl-PL\"},{\"@type\":\"Person\",\"@id\":\"https:\/\/estyl.pl\/blog\/#\/schema\/person\/debe1fb907542b5dc82bccc2029e474f\",\"name\":\"Karolina\",\"description\":\"Absolwentka kosmetologii i dietetyki na \u015al\u0105skiej Wy\u017cszej Szkole Medycznej w Katowicach. Ze sklepem Estyl.pl zwi\u0105zana od wielu lat. Wiedz\u0119 na temat produkt\u00f3w zebra\u0142a pracuj\u0105c w sklepie stacjonanym w Katowicach. Aktualnie pracuje jako copywriter, co daje jej du\u017co satysfakcji. Uwielbia testowa\u0107 nowe kosmetyki.\",\"sameAs\":[\"kdrogowskakwasnik\"],\"url\":\"https:\/\/estyl.pl\/blog\/author\/k-mistalsiekiera\/\"}]}<\/script>\n<!-- \/ Yoast SEO plugin. -->","yoast_head_json":{"title":"Fryzury odm\u0142adzaj\u0105ce - jak odmieni\u0107 sw\u00f3j wizerunek?","description":"Czy w\u0142osy mog\u0105 odejmowa\u0107 lat? Oczywi\u015bcie! Fryzury odm\u0142adzaj\u0105ce daj\u0105 ol\u015bniewaj\u0105cy efekt, a my podpowiadamy, jak go osi\u0105gn\u0105\u0107.","robots":{"index":"index","follow":"follow","max-snippet":"max-snippet:-1","max-image-preview":"max-image-preview:large","max-video-preview":"max-video-preview:-1"},"canonical":"https:\/\/estyl.pl\/blog\/fryzury-odmladzajace-czyli-jak-zmienic-swoj-wizerunek\/","og_locale":"pl_PL","og_type":"article","og_title":"Fryzury odm\u0142adzaj\u0105ce - jak odmieni\u0107 sw\u00f3j wizerunek?","og_description":"Czy w\u0142osy mog\u0105 odejmowa\u0107 lat? Oczywi\u015bcie! Fryzury odm\u0142adzaj\u0105ce daj\u0105 ol\u015bniewaj\u0105cy efekt, a my podpowiadamy, jak go osi\u0105gn\u0105\u0107.","og_url":"https:\/\/estyl.pl\/blog\/fryzury-odmladzajace-czyli-jak-zmienic-swoj-wizerunek\/","og_site_name":"Blog | Estyl.pl","article_author":"kdrogowskakwasnik","article_published_time":"2012-02-15T10:40:28+00:00","article_modified_time":"2019-12-19T10:05:29+00:00","og_image":[{"width":755,"height":320,"url":"https:\/\/estyl.pl\/blog\/wp-content\/uploads\/2012\/02\/fryzury-odm\u0142adzaj\u0105ce.png","type":"image\/png"}],"author":"Karolina","twitter_misc":{"Napisane przez":"Karolina","Szacowany czas czytania":"7 minut"},"schema":{"@context":"https:\/\/schema.org","@graph":[{"@type":"WebPage","@id":"https:\/\/estyl.pl\/blog\/fryzury-odmladzajace-czyli-jak-zmienic-swoj-wizerunek\/","url":"https:\/\/estyl.pl\/blog\/fryzury-odmladzajace-czyli-jak-zmienic-swoj-wizerunek\/","name":"Fryzury odm\u0142adzaj\u0105ce - jak odmieni\u0107 sw\u00f3j wizerunek?","isPartOf":{"@id":"https:\/\/estyl.pl\/blog\/#website"},"datePublished":"2012-02-15T10:40:28+00:00","dateModified":"2019-12-19T10:05:29+00:00","author":{"@id":"https:\/\/estyl.pl\/blog\/#\/schema\/person\/debe1fb907542b5dc82bccc2029e474f"},"description":"Czy w\u0142osy mog\u0105 odejmowa\u0107 lat? Oczywi\u015bcie! Fryzury odm\u0142adzaj\u0105ce daj\u0105 ol\u015bniewaj\u0105cy efekt, a my podpowiadamy, jak go osi\u0105gn\u0105\u0107.","breadcrumb":{"@id":"https:\/\/estyl.pl\/blog\/fryzury-odmladzajace-czyli-jak-zmienic-swoj-wizerunek\/#breadcrumb"},"inLanguage":"pl-PL","potentialAction":[{"@type":"ReadAction","target":["https:\/\/estyl.pl\/blog\/fryzury-odmladzajace-czyli-jak-zmienic-swoj-wizerunek\/"]}]},{"@type":"BreadcrumbList","@id":"https:\/\/estyl.pl\/blog\/fryzury-odmladzajace-czyli-jak-zmienic-swoj-wizerunek\/#breadcrumb","itemListElement":[{"@type":"ListItem","position":1,"name":"Stylizacja w\u0142os\u00f3w","item":"https:\/\/estyl.pl\/blog\/stylizacja-wlosow\/"},{"@type":"ListItem","position":2,"name":"Fryzury odm\u0142adzaj\u0105ce, czyli jak zmieni\u0107 sw\u00f3j wizerunek"}]},{"@type":"WebSite","@id":"https:\/\/estyl.pl\/blog\/#website","url":"https:\/\/estyl.pl\/blog\/","name":"Blog | Estyl.pl","description":"Kosmetyki do w\u0142os\u00f3w, porady, piel\u0119gnacja, stylizacja","potentialAction":[{"@type":"SearchAction","target":{"@type":"EntryPoint","urlTemplate":"https:\/\/estyl.pl\/blog\/?s={search_term_string}"},"query-input":"required name=search_term_string"}],"inLanguage":"pl-PL"},{"@type":"Person","@id":"https:\/\/estyl.pl\/blog\/#\/schema\/person\/debe1fb907542b5dc82bccc2029e474f","name":"Karolina","description":"Absolwentka kosmetologii i dietetyki na \u015al\u0105skiej Wy\u017cszej Szkole Medycznej w Katowicach. Ze sklepem Estyl.pl zwi\u0105zana od wielu lat. Wiedz\u0119 na temat produkt\u00f3w zebra\u0142a pracuj\u0105c w sklepie stacjonanym w Katowicach. Aktualnie pracuje jako copywriter, co daje jej du\u017co satysfakcji. Uwielbia testowa\u0107 nowe kosmetyki.","sameAs":["kdrogowskakwasnik"],"url":"https:\/\/estyl.pl\/blog\/author\/k-mistalsiekiera\/"}]}},"_links":{"self":[{"href":"https:\/\/estyl.pl\/blog\/wp-json\/wp\/v2\/posts\/6777"}],"collection":[{"href":"https:\/\/estyl.pl\/blog\/wp-json\/wp\/v2\/posts"}],"about":[{"href":"https:\/\/estyl.pl\/blog\/wp-json\/wp\/v2\/types\/post"}],"author":[{"embeddable":true,"href":"https:\/\/estyl.pl\/blog\/wp-json\/wp\/v2\/users\/23"}],"replies":[{"embeddable":true,"href":"https:\/\/estyl.pl\/blog\/wp-json\/wp\/v2\/comments?post=6777"}],"version-history":[{"count":95,"href":"https:\/\/estyl.pl\/blog\/wp-json\/wp\/v2\/posts\/6777\/revisions"}],"predecessor-version":[{"id":35646,"href":"https:\/\/estyl.pl\/blog\/wp-json\/wp\/v2\/posts\/6777\/revisions\/35646"}],"wp:featuredmedia":[{"embeddable":true,"href":"https:\/\/estyl.pl\/blog\/wp-json\/wp\/v2\/media\/25641"}],"wp:attachment":[{"href":"https:\/\/estyl.pl\/blog\/wp-json\/wp\/v2\/media?parent=6777"}],"wp:term":[{"taxonomy":"category","embeddable":true,"href":"https:\/\/estyl.pl\/blog\/wp-json\/wp\/v2\/categories?post=6777"},{"taxonomy":"post_tag","embeddable":true,"href":"https:\/\/estyl.pl\/blog\/wp-json\/wp\/v2\/tags?post=6777"}],"curies":[{"name":"wp","href":"https:\/\/api.w.org\/{rel}","templated":true}]}}