{"id":8809,"date":"2012-04-27T11:32:04","date_gmt":"2012-04-27T10:32:04","guid":{"rendered":"https:\/\/estyl.pl\/blog\/?p=8809"},"modified":"2015-01-21T17:14:29","modified_gmt":"2015-01-21T15:14:29","slug":"olejek-wzmacniajacy-wlosy-joico-k-pak-color-therapy-restorative-oil","status":"publish","type":"post","link":"https:\/\/estyl.pl\/blog\/olejek-wzmacniajacy-wlosy-joico-k-pak-color-therapy-restorative-oil\/","title":{"rendered":"Olejek wzmacniaj\u0105cy w\u0142osy Joico K-Pak Color Therapy Restorative Oil"},"content":{"rendered":"<p>Szampon, od\u017cywka i maska do w\u0142os\u00f3w to kosmetyczne trio, kt\u00f3re z pewno\u015bci\u0105 posiada ka\u017cda z Pa\u0144 dbaj\u0105cych o <a href=\"https:\/\/estyl.pl\/wlosy\" data-internallinksmanager029f6b8e52c=\"2\" title=\"w\u0142osy\">w\u0142osy<\/a>. <a href=\"https:\/\/estyl.pl\/davines-oi-oil-olejek-do-wlosow-50ml\" data-internallinksmanager029f6b8e52c=\"9\" title=\"Davines Oi Oi olejek do w\u0142os\u00f3w\" target=\"_blank\" rel=\"noopener\">Olejek<\/a> piel\u0119gnuj\u0105cy ko\u0144ce Twoich w\u0142os\u00f3w to przys\u0142owiowa kropka nad i dope\u0142nienie kosmetyczki ka\u017cdej, prawdziwej w\u0142osomaniaczki. Serum Joico K-Pak Restorative Oil ma t\u0105 przewag\u0119 nad innymi olejkami do w\u0142os\u00f3w, \u017ce <em><strong>nie tylko chroni przed czynnikami zewn\u0119trznymi, ale i odbudowuje uszkodzone w\u0142\u00f3kna w\u0142os\u00f3w<\/strong><\/em>. Poznaj \u00a0Olejek do w\u0142os\u00f3w Joico i jego g\u0142\u00f3wne zalety.<!--more--><\/p>\n<div id=\"attachment_8855\" style=\"width: 585px\" class=\"wp-caption aligncenter\"><a href=\"http:\/\/estyl.pl\/joico-k-pak-restorative-oil-olejek-wzmacniajacy-wlosy-100-ml.html\" target=\"_blank\"><img aria-describedby=\"caption-attachment-8855\" decoding=\"async\" loading=\"lazy\" class=\"wp-image-8855\" title=\"Olejek do w\u0142os\u00f3w\" src=\"https:\/\/estyl.pl\/blog\/wp-content\/uploads\/2012\/04\/olejek_do_wlosow.jpg\" alt=\"Olejek do w\u0142os\u00f3w Joico\" width=\"575\" height=\"298\" srcset=\"https:\/\/estyl.pl\/blog\/wp-content\/uploads\/2012\/04\/olejek_do_wlosow.jpg 575w, https:\/\/estyl.pl\/blog\/wp-content\/uploads\/2012\/04\/olejek_do_wlosow-300x155.jpg 300w, https:\/\/estyl.pl\/blog\/wp-content\/uploads\/2012\/04\/olejek_do_wlosow-261x135.jpg 261w\" sizes=\"(max-width: 575px) 100vw, 575px\" \/><\/a><p id=\"caption-attachment-8855\" class=\"wp-caption-text\">Olejek do w\u0142os\u00f3w | Foto: \u00a9 photl.com<\/p><\/div>\n<h3><a href=\"http:\/\/estyl.pl\/joico-k-pak-restorative-oil-olejek-wzmacniajacy-wlosy-100-ml.html\" target=\"_blank\"><strong><br \/>\nJoico K-Pak Color Therapy Restorative Oil<\/strong><\/a> to kosmetyk nowej generacji, czyli serum o bardzo lekkiej konsystencji. To sprawia, \u017ce olejku mog\u0105 u\u017cywa\u0107 Panie o r\u00f3\u017cnej strukturze w\u0142os\u00f3w, dopasowuj\u0105c dawkowanie produktu, do ich rodzaju i budowy. Produktu u\u017cywamy na w\u0142osach wilgotnych, a tak\u017ce przed stylizacj\u0105 na ciep\u0142o.<\/h3>\n<p><em><strong>Oto inne zalety olejku Joico Restorative:<\/strong><\/em><\/p>\n<ul>\n<li>chroni w\u0142osy przed uszkodzeniami zewn\u0119trznymi,<\/li>\n<li>zmniejsza widocznie \u0142amliwo\u015b\u0107 i krucho\u015b\u0107 w\u0142os\u00f3w (65%),<\/li>\n<li>dba o w\u0142osy farbowane, przed\u0142u\u017caj\u0105c dwukrotnie trwa\u0142o\u015b\u0107 koloru,<\/li>\n<li>zabezpiecza w\u0142osy przed wysok\u0105 temperatur\u0105 z urz\u0105dze\u0144 termicznych,<\/li>\n<li>regeneruje w\u0142osy zniszczone i s\u0142abe,<\/li>\n<li>wyg\u0142adza struktur\u0119 w\u0142os\u00f3w szorstkich i porowatych, zamykaj\u0105c rozszerzone \u0142uski,<\/li>\n<li>od\u017cywia, dzi\u0119ki zawarto\u015bci olej\u00f3w ro\u015blinnych (m.in. arganowy i wieso\u0142kowy),<\/li>\n<li>nie obci\u0105\u017ca nadmiernie w\u0142os\u00f3w,<\/li>\n<li>dodaje fryzurze zdrowego blasku (do 50% wi\u0119cej).<\/li>\n<\/ul>\n<p><a href=\"https:\/\/estyl.pl\/blog\/wp-content\/uploads\/2012\/04\/joico_k_pak_restorative_oil_100ml.jpg\" rel=\"lightbox[8809]\"><img decoding=\"async\" loading=\"lazy\" class=\"aligncenter wp-image-26108 size-large\" title=\"Olejek do w\u0142os\u00f3w Joico\" src=\"https:\/\/estyl.pl\/blog\/wp-content\/uploads\/2012\/04\/joico_k_pak_restorative_oil_100ml-580x580.jpg\" alt=\"Olejek do w\u0142os\u00f3w Joico\" width=\"580\" height=\"580\" srcset=\"https:\/\/estyl.pl\/blog\/wp-content\/uploads\/2012\/04\/joico_k_pak_restorative_oil_100ml-580x580.jpg 580w, https:\/\/estyl.pl\/blog\/wp-content\/uploads\/2012\/04\/joico_k_pak_restorative_oil_100ml-300x300.jpg 300w, https:\/\/estyl.pl\/blog\/wp-content\/uploads\/2012\/04\/joico_k_pak_restorative_oil_100ml-261x261.jpg 261w, https:\/\/estyl.pl\/blog\/wp-content\/uploads\/2012\/04\/joico_k_pak_restorative_oil_100ml.jpg 703w\" sizes=\"(max-width: 580px) 100vw, 580px\" \/><\/a><\/p>\n<h3><strong>Olejek do w\u0142os\u00f3w Joico to laureat wielu presti\u017cowych nagr\u00f3d<\/strong> w Polsce i za granicami naszego kraju. Produkt okrzykni\u0119to Doskona\u0142o\u015bci\u0105 Roku 2010 wg magazynu Tw\u00f3j Styl oraz nadano nagrod\u0119 In Style Best Beauty Buys. Pe\u0142n\u0105 recenzj\u0119 olejku znajdziesz <a href=\"https:\/\/estyl.pl\/blog\/2012\/10\/joico-k-pak-restorative-oil-olejek-wzmacniajacy-wlosy\/\"><strong>TUTAJ<\/strong><\/a>.<\/h3>\n<h3><\/h3>\n<p>&nbsp;<\/p>\n","protected":false},"excerpt":{"rendered":"<p>Szampon, od\u017cywka i maska do w\u0142os\u00f3w to kosmetyczne trio, kt\u00f3re z pewno\u015bci\u0105 posiada ka\u017cda z Pa\u0144 dbaj\u0105cych o w\u0142osy. Olejek piel\u0119gnuj\u0105cy ko\u0144ce Twoich w\u0142os\u00f3w to przys\u0142owiowa kropka nad i dope\u0142nienie kosmetyczki ka\u017cdej, prawdziwej w\u0142osomaniaczki. Serum Joico K-Pak Restorative Oil ma t\u0105 przewag\u0119 nad innymi olejkami do w\u0142os\u00f3w, \u017ce nie tylko chroni przed czynnikami zewn\u0119trznymi, ale [&hellip;]<\/p>\n","protected":false},"author":23,"featured_media":26109,"comment_status":"open","ping_status":"closed","sticky":false,"template":"","format":"standard","meta":{"_eb_attr":""},"categories":[3],"tags":[975,151,222,283],"acf":[],"yoast_head":"<!-- This site is optimized with the Yoast SEO plugin v20.8 - https:\/\/yoast.com\/wordpress\/plugins\/seo\/ -->\n<title>Olejek do w\u0142os\u00f3w Joico K-Pak Color Therapy Restorative Oil<\/title>\n<meta name=\"description\" content=\"Serum Joico K-Pak Restorative Oil ma t\u0105 przewag\u0119 nad innymi olejkami do w\u0142os\u00f3w, \u017ce odbudowuje uszkodzone w\u0142\u00f3kna w\u0142os\u00f3w. Poznaj Olejek do w\u0142os\u00f3w Joico .\" \/>\n<meta name=\"robots\" content=\"index, follow, max-snippet:-1, max-image-preview:large, max-video-preview:-1\" \/>\n<link rel=\"canonical\" href=\"https:\/\/estyl.pl\/blog\/olejek-wzmacniajacy-wlosy-joico-k-pak-color-therapy-restorative-oil\/\" \/>\n<meta property=\"og:locale\" content=\"pl_PL\" \/>\n<meta property=\"og:type\" content=\"article\" \/>\n<meta property=\"og:title\" content=\"Olejek do w\u0142os\u00f3w Joico K-Pak Color Therapy Restorative Oil\" \/>\n<meta property=\"og:description\" content=\"Serum Joico K-Pak Restorative Oil ma t\u0105 przewag\u0119 nad innymi olejkami do w\u0142os\u00f3w, \u017ce odbudowuje uszkodzone w\u0142\u00f3kna w\u0142os\u00f3w. Poznaj Olejek do w\u0142os\u00f3w Joico .\" \/>\n<meta property=\"og:url\" content=\"https:\/\/estyl.pl\/blog\/olejek-wzmacniajacy-wlosy-joico-k-pak-color-therapy-restorative-oil\/\" \/>\n<meta property=\"og:site_name\" content=\"Blog | Estyl.pl\" \/>\n<meta property=\"article:author\" content=\"kdrogowskakwasnik\" \/>\n<meta property=\"article:published_time\" content=\"2012-04-27T10:32:04+00:00\" \/>\n<meta property=\"article:modified_time\" content=\"2015-01-21T15:14:29+00:00\" \/>\n<meta property=\"og:image\" content=\"https:\/\/estyl.pl\/blog\/wp-content\/uploads\/2012\/04\/olejek-do-w\u0142os\u00f3w-Joico.jpg\" \/>\n\t<meta property=\"og:image:width\" content=\"755\" \/>\n\t<meta property=\"og:image:height\" content=\"320\" \/>\n\t<meta property=\"og:image:type\" content=\"image\/jpeg\" \/>\n<meta name=\"author\" content=\"Karolina\" \/>\n<meta name=\"twitter:label1\" content=\"Napisane przez\" \/>\n\t<meta name=\"twitter:data1\" content=\"Karolina\" \/>\n\t<meta name=\"twitter:label2\" content=\"Szacowany czas czytania\" \/>\n\t<meta name=\"twitter:data2\" content=\"2 minuty\" \/>\n<script type=\"application\/ld+json\" class=\"yoast-schema-graph\">{\"@context\":\"https:\/\/schema.org\",\"@graph\":[{\"@type\":\"WebPage\",\"@id\":\"https:\/\/estyl.pl\/blog\/olejek-wzmacniajacy-wlosy-joico-k-pak-color-therapy-restorative-oil\/\",\"url\":\"https:\/\/estyl.pl\/blog\/olejek-wzmacniajacy-wlosy-joico-k-pak-color-therapy-restorative-oil\/\",\"name\":\"Olejek do w\u0142os\u00f3w Joico K-Pak Color Therapy Restorative Oil\",\"isPartOf\":{\"@id\":\"https:\/\/estyl.pl\/blog\/#website\"},\"datePublished\":\"2012-04-27T10:32:04+00:00\",\"dateModified\":\"2015-01-21T15:14:29+00:00\",\"author\":{\"@id\":\"https:\/\/estyl.pl\/blog\/#\/schema\/person\/debe1fb907542b5dc82bccc2029e474f\"},\"description\":\"Serum Joico K-Pak Restorative Oil ma t\u0105 przewag\u0119 nad innymi olejkami do w\u0142os\u00f3w, \u017ce odbudowuje uszkodzone w\u0142\u00f3kna w\u0142os\u00f3w. Poznaj Olejek do w\u0142os\u00f3w Joico .\",\"breadcrumb\":{\"@id\":\"https:\/\/estyl.pl\/blog\/olejek-wzmacniajacy-wlosy-joico-k-pak-color-therapy-restorative-oil\/#breadcrumb\"},\"inLanguage\":\"pl-PL\",\"potentialAction\":[{\"@type\":\"ReadAction\",\"target\":[\"https:\/\/estyl.pl\/blog\/olejek-wzmacniajacy-wlosy-joico-k-pak-color-therapy-restorative-oil\/\"]}]},{\"@type\":\"BreadcrumbList\",\"@id\":\"https:\/\/estyl.pl\/blog\/olejek-wzmacniajacy-wlosy-joico-k-pak-color-therapy-restorative-oil\/#breadcrumb\",\"itemListElement\":[{\"@type\":\"ListItem\",\"position\":1,\"name\":\"Nowo\u015bci\",\"item\":\"https:\/\/estyl.pl\/blog\/nowosci\/\"},{\"@type\":\"ListItem\",\"position\":2,\"name\":\"Olejek wzmacniaj\u0105cy w\u0142osy Joico K-Pak Color Therapy Restorative Oil\"}]},{\"@type\":\"WebSite\",\"@id\":\"https:\/\/estyl.pl\/blog\/#website\",\"url\":\"https:\/\/estyl.pl\/blog\/\",\"name\":\"Blog | Estyl.pl\",\"description\":\"Kosmetyki do w\u0142os\u00f3w, porady, piel\u0119gnacja, stylizacja\",\"potentialAction\":[{\"@type\":\"SearchAction\",\"target\":{\"@type\":\"EntryPoint\",\"urlTemplate\":\"https:\/\/estyl.pl\/blog\/?s={search_term_string}\"},\"query-input\":\"required name=search_term_string\"}],\"inLanguage\":\"pl-PL\"},{\"@type\":\"Person\",\"@id\":\"https:\/\/estyl.pl\/blog\/#\/schema\/person\/debe1fb907542b5dc82bccc2029e474f\",\"name\":\"Karolina\",\"description\":\"Absolwentka kosmetologii i dietetyki na \u015al\u0105skiej Wy\u017cszej Szkole Medycznej w Katowicach. Ze sklepem Estyl.pl zwi\u0105zana od wielu lat. Wiedz\u0119 na temat produkt\u00f3w zebra\u0142a pracuj\u0105c w sklepie stacjonanym w Katowicach. Aktualnie pracuje jako copywriter, co daje jej du\u017co satysfakcji. Uwielbia testowa\u0107 nowe kosmetyki.\",\"sameAs\":[\"kdrogowskakwasnik\"],\"url\":\"https:\/\/estyl.pl\/blog\/author\/k-mistalsiekiera\/\"}]}<\/script>\n<!-- \/ Yoast SEO plugin. -->","yoast_head_json":{"title":"Olejek do w\u0142os\u00f3w Joico K-Pak Color Therapy Restorative Oil","description":"Serum Joico K-Pak Restorative Oil ma t\u0105 przewag\u0119 nad innymi olejkami do w\u0142os\u00f3w, \u017ce odbudowuje uszkodzone w\u0142\u00f3kna w\u0142os\u00f3w. Poznaj Olejek do w\u0142os\u00f3w Joico .","robots":{"index":"index","follow":"follow","max-snippet":"max-snippet:-1","max-image-preview":"max-image-preview:large","max-video-preview":"max-video-preview:-1"},"canonical":"https:\/\/estyl.pl\/blog\/olejek-wzmacniajacy-wlosy-joico-k-pak-color-therapy-restorative-oil\/","og_locale":"pl_PL","og_type":"article","og_title":"Olejek do w\u0142os\u00f3w Joico K-Pak Color Therapy Restorative Oil","og_description":"Serum Joico K-Pak Restorative Oil ma t\u0105 przewag\u0119 nad innymi olejkami do w\u0142os\u00f3w, \u017ce odbudowuje uszkodzone w\u0142\u00f3kna w\u0142os\u00f3w. Poznaj Olejek do w\u0142os\u00f3w Joico .","og_url":"https:\/\/estyl.pl\/blog\/olejek-wzmacniajacy-wlosy-joico-k-pak-color-therapy-restorative-oil\/","og_site_name":"Blog | Estyl.pl","article_author":"kdrogowskakwasnik","article_published_time":"2012-04-27T10:32:04+00:00","article_modified_time":"2015-01-21T15:14:29+00:00","og_image":[{"width":755,"height":320,"url":"https:\/\/estyl.pl\/blog\/wp-content\/uploads\/2012\/04\/olejek-do-w\u0142os\u00f3w-Joico.jpg","type":"image\/jpeg"}],"author":"Karolina","twitter_misc":{"Napisane przez":"Karolina","Szacowany czas czytania":"2 minuty"},"schema":{"@context":"https:\/\/schema.org","@graph":[{"@type":"WebPage","@id":"https:\/\/estyl.pl\/blog\/olejek-wzmacniajacy-wlosy-joico-k-pak-color-therapy-restorative-oil\/","url":"https:\/\/estyl.pl\/blog\/olejek-wzmacniajacy-wlosy-joico-k-pak-color-therapy-restorative-oil\/","name":"Olejek do w\u0142os\u00f3w Joico K-Pak Color Therapy Restorative Oil","isPartOf":{"@id":"https:\/\/estyl.pl\/blog\/#website"},"datePublished":"2012-04-27T10:32:04+00:00","dateModified":"2015-01-21T15:14:29+00:00","author":{"@id":"https:\/\/estyl.pl\/blog\/#\/schema\/person\/debe1fb907542b5dc82bccc2029e474f"},"description":"Serum Joico K-Pak Restorative Oil ma t\u0105 przewag\u0119 nad innymi olejkami do w\u0142os\u00f3w, \u017ce odbudowuje uszkodzone w\u0142\u00f3kna w\u0142os\u00f3w. Poznaj Olejek do w\u0142os\u00f3w Joico .","breadcrumb":{"@id":"https:\/\/estyl.pl\/blog\/olejek-wzmacniajacy-wlosy-joico-k-pak-color-therapy-restorative-oil\/#breadcrumb"},"inLanguage":"pl-PL","potentialAction":[{"@type":"ReadAction","target":["https:\/\/estyl.pl\/blog\/olejek-wzmacniajacy-wlosy-joico-k-pak-color-therapy-restorative-oil\/"]}]},{"@type":"BreadcrumbList","@id":"https:\/\/estyl.pl\/blog\/olejek-wzmacniajacy-wlosy-joico-k-pak-color-therapy-restorative-oil\/#breadcrumb","itemListElement":[{"@type":"ListItem","position":1,"name":"Nowo\u015bci","item":"https:\/\/estyl.pl\/blog\/nowosci\/"},{"@type":"ListItem","position":2,"name":"Olejek wzmacniaj\u0105cy w\u0142osy Joico K-Pak Color Therapy Restorative Oil"}]},{"@type":"WebSite","@id":"https:\/\/estyl.pl\/blog\/#website","url":"https:\/\/estyl.pl\/blog\/","name":"Blog | Estyl.pl","description":"Kosmetyki do w\u0142os\u00f3w, porady, piel\u0119gnacja, stylizacja","potentialAction":[{"@type":"SearchAction","target":{"@type":"EntryPoint","urlTemplate":"https:\/\/estyl.pl\/blog\/?s={search_term_string}"},"query-input":"required name=search_term_string"}],"inLanguage":"pl-PL"},{"@type":"Person","@id":"https:\/\/estyl.pl\/blog\/#\/schema\/person\/debe1fb907542b5dc82bccc2029e474f","name":"Karolina","description":"Absolwentka kosmetologii i dietetyki na \u015al\u0105skiej Wy\u017cszej Szkole Medycznej w Katowicach. Ze sklepem Estyl.pl zwi\u0105zana od wielu lat. Wiedz\u0119 na temat produkt\u00f3w zebra\u0142a pracuj\u0105c w sklepie stacjonanym w Katowicach. Aktualnie pracuje jako copywriter, co daje jej du\u017co satysfakcji. Uwielbia testowa\u0107 nowe kosmetyki.","sameAs":["kdrogowskakwasnik"],"url":"https:\/\/estyl.pl\/blog\/author\/k-mistalsiekiera\/"}]}},"_links":{"self":[{"href":"https:\/\/estyl.pl\/blog\/wp-json\/wp\/v2\/posts\/8809"}],"collection":[{"href":"https:\/\/estyl.pl\/blog\/wp-json\/wp\/v2\/posts"}],"about":[{"href":"https:\/\/estyl.pl\/blog\/wp-json\/wp\/v2\/types\/post"}],"author":[{"embeddable":true,"href":"https:\/\/estyl.pl\/blog\/wp-json\/wp\/v2\/users\/23"}],"replies":[{"embeddable":true,"href":"https:\/\/estyl.pl\/blog\/wp-json\/wp\/v2\/comments?post=8809"}],"version-history":[{"count":41,"href":"https:\/\/estyl.pl\/blog\/wp-json\/wp\/v2\/posts\/8809\/revisions"}],"predecessor-version":[{"id":26111,"href":"https:\/\/estyl.pl\/blog\/wp-json\/wp\/v2\/posts\/8809\/revisions\/26111"}],"wp:featuredmedia":[{"embeddable":true,"href":"https:\/\/estyl.pl\/blog\/wp-json\/wp\/v2\/media\/26109"}],"wp:attachment":[{"href":"https:\/\/estyl.pl\/blog\/wp-json\/wp\/v2\/media?parent=8809"}],"wp:term":[{"taxonomy":"category","embeddable":true,"href":"https:\/\/estyl.pl\/blog\/wp-json\/wp\/v2\/categories?post=8809"},{"taxonomy":"post_tag","embeddable":true,"href":"https:\/\/estyl.pl\/blog\/wp-json\/wp\/v2\/tags?post=8809"}],"curies":[{"name":"wp","href":"https:\/\/api.w.org\/{rel}","templated":true}]}}