{"id":9061,"date":"2012-04-23T11:57:50","date_gmt":"2012-04-23T10:57:50","guid":{"rendered":"https:\/\/estyl.pl\/blog\/?p=9061"},"modified":"2016-09-05T10:20:13","modified_gmt":"2016-09-05T08:20:13","slug":"tigi-colour-combat-dumb-blonde-szampon-do-wlosow-blond-i-farbowanych","status":"publish","type":"post","link":"https:\/\/estyl.pl\/blog\/tigi-colour-combat-dumb-blonde-szampon-do-wlosow-blond-i-farbowanych\/","title":{"rendered":"TIGI Colour Combat Dumb Blonde szampon do w\u0142os\u00f3w blond i farbowanych"},"content":{"rendered":"<h3>Wr\u0119czyli\u015bmy naszej Testerce zestaw profesjonalnych kosmetyk\u00f3w do w\u0142os\u00f3w marki Tigi z pro\u015bb\u0105 o ich przetestowanie. Zadaniem El\u017cbiety by\u0142a obiektywna ocena walor\u00f3w oraz wad testowanej serii. Tym razem pr\u00f3bie podda\u0142a\u00a0szampon do w\u0142os\u00f3w blond i farbowanych TIGI Colour Combat Dumb Blonde.<\/h3>\n<p><!--more--><\/p>\n<p><a href=\"https:\/\/estyl.pl\/blog\/wp-content\/uploads\/2012\/04\/tigi_dumb-blonde_szampon_b1.jpg\" rel=\"lightbox[9061]\"><img decoding=\"async\" loading=\"lazy\" class=\"aligncenter size-full wp-image-25415\" src=\"https:\/\/estyl.pl\/blog\/wp-content\/uploads\/2012\/04\/tigi_dumb-blonde_szampon_b1.jpg\" alt=\"szampon do w\u0142os\u00f3w blond i farbowanych\" width=\"575\" height=\"337\" srcset=\"https:\/\/estyl.pl\/blog\/wp-content\/uploads\/2012\/04\/tigi_dumb-blonde_szampon_b1.jpg 575w, https:\/\/estyl.pl\/blog\/wp-content\/uploads\/2012\/04\/tigi_dumb-blonde_szampon_b1-300x175.jpg 300w, https:\/\/estyl.pl\/blog\/wp-content\/uploads\/2012\/04\/tigi_dumb-blonde_szampon_b1-261x152.jpg 261w\" sizes=\"(max-width: 575px) 100vw, 575px\" \/><\/a><\/p>\n<p style=\"text-align: center;\">fot.\u00a0\u00a9 Pajmon.com Aneta Wysocka<\/p>\n<p>Kosmetyk zosta\u0142 oceniony w 7 kategoriach:<\/p>\n<ol>\n<li><a href=\"#opakowanie\">Opakowanie<\/a><\/li>\n<li><a href=\"#zapach\">Zapach i konsystencja<\/a><\/li>\n<li><a href=\"#wydajnosc\">Wydajno\u015b\u0107<\/a><\/li>\n<li><a href=\"#dzialanie\">Dzia\u0142anie<\/a><\/li>\n<li><a href=\"#zalety\">Zalety<\/a><\/li>\n<li><a href=\"#wady\">Wady<\/a><\/li>\n<li><a href=\"#ocena\">Ocena og\u00f3lna<\/a> w skali od 1 do 5<\/li>\n<\/ol>\n<p><a href=\"https:\/\/estyl.pl\/blog\/wp-content\/uploads\/2012\/04\/profil_wlosow_eli.jpg\" target=\"_blank\" rel=\"lightbox[9061]\"><img decoding=\"async\" loading=\"lazy\" class=\"alignleft wp-image-9202\" title=\"szampon do w\u0142os\u00f3w blond i farbowanych\" src=\"https:\/\/estyl.pl\/blog\/wp-content\/uploads\/2012\/04\/profil_wlosow_eli-150x150.jpg\" alt=\"szampon do w\u0142os\u00f3w blond i farbowanych\" width=\"150\" height=\"150\" \/><\/a><strong>El\u017cbieta<\/strong> (54 l.) psycholog. Od pewnego czasu jej marzeniem s\u0105 d\u0142ugie <a href=\"https:\/\/estyl.pl\/wlosy\" data-internallinksmanager029f6b8e52c=\"2\" title=\"w\u0142osy\">w\u0142osy<\/a>, upi\u0119te w gruby kok, dlatego z wielkim zaanga\u017cowaniem dba o kondycj\u0119 swoich w\u0142os\u00f3w. Mimo cz\u0119stej zmiany fryzury oraz ich koloru, stan i wygl\u0105d w\u0142os\u00f3w jest godny pozazdroszczenia. Wi\u0119kszo\u015b\u0107 r\u00f3wie\u015bnik\u00f3w nie dowierza, \u017ce b\u0119d\u0105c po 50-ce, mo\u017cna mie\u0107 tak g\u0119ste, zdrowe i d\u0142ugie w\u0142osy.<\/p>\n<p><strong>El\u017cbieta ma w\u0142osy si\u0119gaj\u0105ce pasa<\/strong>. W\u0142osy s\u0105 regularnie farbowane od wielu lat. Od pewnego czasu jest to gama wszelkich odcieni blondu. Od popielatego, przez naturalny po skandynawski blond. Mimo tak licznej kolorystyki, w\u0142osy nie s\u0105 zniszczone, konieczne jest tylko ich regularne podcinanie, ze wzgl\u0119du na rozdwajanie si\u0119 ko\u0144c\u00f3wek. Problem z ko\u0144c\u00f3wkami w\u0142os\u00f3w, to niestety efekt cz\u0119stego farbowania w\u0142os\u00f3w na jasny kolor. W zale\u017cno\u015bci od u\u017cytych kosmetyk\u00f3w, potrafi\u0105 by\u0107 niesforne i puszy\u0107 si\u0119. Poza tym w\u0142osy s\u0105 suche, ale nie przesuszone, poniewa\u017c ich w\u0142a\u015bcicielka dba o ich regularne nawil\u017canie. Wed\u0142ug El\u017cbiety, przy zapuszczaniu w\u0142os\u00f3w niezb\u0119dne staj\u0105 si\u0119 kosmetyki piel\u0119gnacyjne. Do jej ulubionych marek nale\u017c\u0105: TIGI, Loreal, Wella, CHI.<\/p>\n<p>O swoich w\u0142osach m\u00f3wi tak:<\/p>\n<ul>\n<li><strong>D\u0142ugo\u015b\u0107<\/strong>: d\u0142ugie do pasa<\/li>\n<li><strong>Farbowane<\/strong>: tak<\/li>\n<li><strong> Rodzaj w\u0142os\u00f3w<\/strong>: grube, proste<\/li>\n<li><strong> Problemy z w\u0142osami<\/strong>: w\u0142osy s\u0105 suche, przez co potrzebuj\u0105 g\u0142\u0119bokiego nawil\u017cenia. Cz\u0119sto zdarza si\u0119, \u017ce w\u0142osy tu\u017c po farbowaniu szybko blakn\u0105 i staj\u0105 si\u0119 matowe. By nie wygl\u0105da\u0142y jak siano, trzeba je cz\u0119sto farbowa\u0107. To z kolei sprawia, \u017ce w\u0142osy wymagaj\u0105 sporo uwagi i bardzo uwa\u017cnej piel\u0119gnacji. Ich najwi\u0119kszym problem s\u0105 rozdwajaj\u0105ce ko\u0144c\u00f3wki.<\/li>\n<\/ul>\n<p><em><a href=\"https:\/\/estyl.pl\/blog\/wp-content\/uploads\/2012\/04\/tigi_dumb-blonde_zestaw.jpg\" target=\"_blank\" rel=\"lightbox[9061]\"><img decoding=\"async\" loading=\"lazy\" class=\"alignleft wp-image-9197\" title=\"szampon do w\u0142os\u00f3w blond i farbowanych\" src=\"https:\/\/estyl.pl\/blog\/wp-content\/uploads\/2012\/04\/tigi_dumb-blonde_zestaw-150x150.jpg\" alt=\"szampon do w\u0142os\u00f3w blond i farbowanych\" width=\"150\" height=\"150\" \/><\/a>El\u017cbieta dosta\u0142a do przetestowania zestaw kosmetyk\u00f3w do piel\u0119gnacji i stylizacji w\u0142os\u00f3w<\/em>. W sk\u0142ad zestawu wchodz\u0105 kosmetyki marki TIGI:<\/p>\n<ul>\n<li><a href=\"http:\/\/estyl.pl\/wlosy\/szampony\/wlosy-blond-i-siwe\" target=\"_blank\">Tigi Bed Head Colour Combat Dumb Blonde szampon dla blondynek<\/a>;<\/li>\n<li><a href=\"https:\/\/estyl.pl\/blog\/2012\/04\/tigi-colour-combat-dumb-blonde-odzywka-do-wlosow-blond-i-farbowanych\/\">Tigi Bed Head Colour Combat Dumb Blonde od\u017cywka dla blondynek<\/a>;<\/li>\n<li><a href=\"https:\/\/estyl.pl\/blog\/2012\/05\/tigi-dumb-blonde-smoothing-stuff-krem-wygladzajacy-wlosy\/\">Tigi Dumb Blonde Smoothing Stuff krem wyg\u0142adzaj\u0105cy<\/a>;<\/li>\n<li><a href=\"https:\/\/estyl.pl\/blog\/2012\/05\/tigi-s-factor-body-booster-spray-nadajacy-objetosc\/\">Tigi Body Booster Plumping Spray spray nadaj\u0105cy obj\u0119to\u015b\u0107<\/a>.<\/li>\n<\/ul>\n<p>Dzi\u015b, El\u017cbieta podzieli si\u0119 z Wami opini\u0105 na temat <strong>szamponu dla blondynek Tigi Bed Head Colour Combat Dumb Blonde<\/strong>, do kupienia w sklepie eStyl.pl.<\/p>\n<p>1. <strong><a name=\"opakowanie\"><\/a>Opakowanie<\/strong>. Szampon do w\u0142os\u00f3w blond i farbowanych TIGI Bed Head Colour Combat Dumb Blonde opakowany jest w typow\u0105 tubk\u0119 z nakr\u0119tk\u0105. Pojemno\u015b\u0107 to 250 ml, czyli tuba jest dosy\u0107 du\u017ca. Bardzo <em><strong>por\u0119czna i ustawna zw\u0142aszcza pod prysznicem<\/strong><\/em>, gdzie zwykle nie ma zbyt du\u017co miejsca. Kosmetyk otwieramy za pomoc\u0105 wieczka od nakr\u0119tki, dzi\u0119ki czemu nie trzeba za ka\u017cdym razem jej odkr\u0119ca\u0107.<\/p>\n<div class=\"minpic\"><a href=\"https:\/\/estyl.pl\/blog\/wp-content\/uploads\/2012\/04\/tigi_dumb-blonde_szampon.jpg\" target=\"_blank\" rel=\"lightbox[9061]\"><img decoding=\"async\" loading=\"lazy\" class=\"alignnone wp-image-9207 size-medium\" title=\"szampon do w\u0142os\u00f3w blond i farbowanych\" src=\"https:\/\/estyl.pl\/blog\/wp-content\/uploads\/2012\/04\/tigi_dumb-blonde_szampon-300x200.jpg\" alt=\"szampon do w\u0142os\u00f3w blond i farbowanych\" width=\"300\" height=\"200\" srcset=\"https:\/\/estyl.pl\/blog\/wp-content\/uploads\/2012\/04\/tigi_dumb-blonde_szampon-300x200.jpg 300w, https:\/\/estyl.pl\/blog\/wp-content\/uploads\/2012\/04\/tigi_dumb-blonde_szampon-580x386.jpg 580w, https:\/\/estyl.pl\/blog\/wp-content\/uploads\/2012\/04\/tigi_dumb-blonde_szampon-261x174.jpg 261w, https:\/\/estyl.pl\/blog\/wp-content\/uploads\/2012\/04\/tigi_dumb-blonde_szampon.jpg 720w\" sizes=\"(max-width: 300px) 100vw, 300px\" \/><\/a><a href=\"https:\/\/estyl.pl\/blog\/wp-content\/uploads\/2012\/04\/tigi_dumb-blonde_szampon_cup.jpg\" target=\"_blank\" rel=\"lightbox[9061]\"><img decoding=\"async\" loading=\"lazy\" class=\"alignnone wp-image-9208 size-medium\" title=\"szampon do w\u0142os\u00f3w blond i farbowanych\" src=\"https:\/\/estyl.pl\/blog\/wp-content\/uploads\/2012\/04\/tigi_dumb-blonde_szampon_cup-300x300.jpg\" alt=\"szampon do w\u0142os\u00f3w blond i farbowanych\" width=\"300\" height=\"300\" srcset=\"https:\/\/estyl.pl\/blog\/wp-content\/uploads\/2012\/04\/tigi_dumb-blonde_szampon_cup-300x300.jpg 300w, https:\/\/estyl.pl\/blog\/wp-content\/uploads\/2012\/04\/tigi_dumb-blonde_szampon_cup-150x150.jpg 150w, https:\/\/estyl.pl\/blog\/wp-content\/uploads\/2012\/04\/tigi_dumb-blonde_szampon_cup-261x261.jpg 261w, https:\/\/estyl.pl\/blog\/wp-content\/uploads\/2012\/04\/tigi_dumb-blonde_szampon_cup.jpg 480w\" sizes=\"(max-width: 300px) 100vw, 300px\" \/><\/a><\/div>\n<p>2. <strong><a name=\"zapach\"><\/a>Zapach i konsystencja<\/strong>. Zapach kosmetyku jest niesamowicie urzekaj\u0105cy. W\u0142osy po umyciu szamponem Tigi Dumb Blonde <strong>przez ca\u0142y dzie\u0144 pachn\u0105 kwiatami.<\/strong> Konsystencja szamponu jest do\u015b\u0107 g\u0119sta, ale nie kremowa. Kosmetyk ma jasno r\u00f3\u017cowy, per\u0142owy kolor.<\/p>\n<p>3. <strong><a name=\"wydajnosc\"><\/a>Wydajno\u015b\u0107<\/strong>. Poniewa\u017c mam bardzo d\u0142ugie i g\u0119ste w\u0142osy, musz\u0119 nak\u0142ada\u0107 du\u017co kosmetyku przy ka\u017cdorazowym myciu w\u0142os\u00f3w. Szampon <strong>jest wydajny, dobrze si\u0119 pieni<\/strong>, przez co ju\u017c niewielka jego ilo\u015b\u0107 wystarczy do umycia w\u0142os\u00f3w. U\u017cywam go regularnie od 2 miesi\u0119cy, myj\u0105c nim w\u0142osy \u015brednio 2 razy w tygodniu. Zu\u017cy\u0142am 2\/3 opakowania.<\/p>\n<p>4. <strong><a name=\"dzialanie\"><\/a>Dzia\u0142anie<\/strong>. Szampon Tigi do w\u0142os\u00f3w blond doskonale si\u0119 pieni, dzi\u0119ki czemu dok\u0142adnie myje w\u0142osy, nawet tak g\u0119ste i d\u0142ugie jak moje. Po jednorazowym umyciu nim w\u0142os\u00f3w, <strong>nie musz\u0119 powtarza\u0107 tej czynno\u015bci po raz drugi<\/strong>. Mimo, \u017ce piana jest bardzo obfita, z \u0142atwo\u015bci\u0105 mo\u017cna j\u0105 sp\u0142uka\u0107. W\u0142osy po umyciu, \u0142atwo rozczesa\u0107.<\/p>\n<h3>Szampon do w\u0142os\u00f3w blond i farbowanych Tigi\u00a0<strong>doskonale od\u017cywia w\u0142osy<\/strong>. Od kiedy u\u017cywam tego kosmetyku, w\u0142osy sta\u0142y si\u0119 bardziej witalne. Mam wra\u017cenie, \u017ce faktycznie od\u017cywia moje w\u0142osy od nasady a\u017c po same ko\u0144ce. W\u0142osy s\u0105 ponadto <em><strong>\u0142adnie rozja\u015bnione, z widocznymi i b\u0142yszcz\u0105cymi refleksami<\/strong><\/em>.<\/h3>\n<p>Wraz z szamponem u\u017cywam od\u017cywki z tej serii: Bed Head Colour Combat Dumb Blonde. Oba produkty sprawi\u0142y, \u017ce kolor farby utrzymuje si\u0119 na moich w\u0142osach du\u017co d\u0142u\u017cej ni\u017c do tej pory. W spos\u00f3b widoczny, szampon <strong>chroni m\u00f3j kolor<\/strong> i w ko\u0144cu mam wra\u017cenie, \u017ce podczas mycia w\u0142os\u00f3w, farba nie sp\u0142ukuje si\u0119 razem z szamponem.<\/p>\n<div class=\"minpic\"><a href=\"https:\/\/estyl.pl\/blog\/wp-content\/uploads\/2012\/04\/tigi_dumb-blonde_szampon_kon1.jpg\" target=\"_blank\" rel=\"lightbox[9061]\"><img decoding=\"async\" loading=\"lazy\" class=\"alignnone wp-image-9209 size-medium\" title=\"szampon do w\u0142os\u00f3w blond i farbowanych\" src=\"https:\/\/estyl.pl\/blog\/wp-content\/uploads\/2012\/04\/tigi_dumb-blonde_szampon_kon1-300x200.jpg\" alt=\"szampon do w\u0142os\u00f3w blond i farbowanych\" width=\"300\" height=\"200\" srcset=\"https:\/\/estyl.pl\/blog\/wp-content\/uploads\/2012\/04\/tigi_dumb-blonde_szampon_kon1-300x200.jpg 300w, https:\/\/estyl.pl\/blog\/wp-content\/uploads\/2012\/04\/tigi_dumb-blonde_szampon_kon1-580x386.jpg 580w, https:\/\/estyl.pl\/blog\/wp-content\/uploads\/2012\/04\/tigi_dumb-blonde_szampon_kon1-261x174.jpg 261w, https:\/\/estyl.pl\/blog\/wp-content\/uploads\/2012\/04\/tigi_dumb-blonde_szampon_kon1.jpg 720w\" sizes=\"(max-width: 300px) 100vw, 300px\" \/><\/a><a href=\"https:\/\/estyl.pl\/blog\/wp-content\/uploads\/2012\/04\/tigi_dumb-blonde_szampon_kon2.jpg\" target=\"_blank\" rel=\"lightbox[9061]\"><img decoding=\"async\" loading=\"lazy\" class=\"alignnone wp-image-9210 size-medium\" title=\"szampon do w\u0142os\u00f3w blond i farbowanych\" src=\"https:\/\/estyl.pl\/blog\/wp-content\/uploads\/2012\/04\/tigi_dumb-blonde_szampon_kon2-300x229.jpg\" alt=\"szampon do w\u0142os\u00f3w blond i farbowanych\" width=\"300\" height=\"229\" srcset=\"https:\/\/estyl.pl\/blog\/wp-content\/uploads\/2012\/04\/tigi_dumb-blonde_szampon_kon2-300x229.jpg 300w, https:\/\/estyl.pl\/blog\/wp-content\/uploads\/2012\/04\/tigi_dumb-blonde_szampon_kon2-580x443.jpg 580w, https:\/\/estyl.pl\/blog\/wp-content\/uploads\/2012\/04\/tigi_dumb-blonde_szampon_kon2-261x199.jpg 261w, https:\/\/estyl.pl\/blog\/wp-content\/uploads\/2012\/04\/tigi_dumb-blonde_szampon_kon2.jpg 628w\" sizes=\"(max-width: 300px) 100vw, 300px\" \/><\/a><\/div>\n<p>5. <strong><a name=\"zalety\"><\/a>Zalety<\/strong>: Szampon ma \u0142adny, kwiatowy zapach. Nie wysusza w\u0142os\u00f3w, nadaje im wspania\u0142y blask. Widocznie od\u017cywia w\u0142osy. Jest te\u017c bardzo wydajny.<\/p>\n<p>6. <strong><a name=\"wady\"><\/a>Wady<\/strong>: Wedu\u0142g mojej oceny, szampon jest rewelacyjny. Nie dostrzegam w nim \u017cadnych wad.<\/p>\n<p>7. <strong><a name=\"ocena\"><\/a>Ocena og\u00f3lna<\/strong>: 5<\/p>\n","protected":false},"excerpt":{"rendered":"<p>Wr\u0119czyli\u015bmy naszej Testerce zestaw profesjonalnych kosmetyk\u00f3w do w\u0142os\u00f3w marki Tigi z pro\u015bb\u0105 o ich przetestowanie. Zadaniem El\u017cbiety by\u0142a obiektywna ocena walor\u00f3w oraz wad testowanej serii. Tym razem pr\u00f3bie podda\u0142a\u00a0szampon do w\u0142os\u00f3w blond i farbowanych TIGI Colour Combat Dumb Blonde.<\/p>\n","protected":false},"author":1,"featured_media":25422,"comment_status":"open","ping_status":"closed","sticky":false,"template":"","format":"standard","meta":{"_eb_attr":""},"categories":[4,33],"tags":[2123,2078,2167,44],"acf":[],"yoast_head":"<!-- This site is optimized with the Yoast SEO plugin v20.8 - https:\/\/yoast.com\/wordpress\/plugins\/seo\/ -->\n<title>Szampon do w\u0142os\u00f3w blond i farbowanych Tigi Dumb Blonde<\/title>\n<meta name=\"description\" content=\"Szampon do w\u0142os\u00f3w blond i farbowanych poszukiwany! Odkrywamy dla Was szampon Tigi Colour Combat Dumb Blonde. Poznajcie opini\u0119 naszej Testerki.\" \/>\n<meta name=\"robots\" content=\"index, follow, max-snippet:-1, max-image-preview:large, max-video-preview:-1\" \/>\n<link rel=\"canonical\" href=\"https:\/\/estyl.pl\/blog\/tigi-colour-combat-dumb-blonde-szampon-do-wlosow-blond-i-farbowanych\/\" \/>\n<meta property=\"og:locale\" content=\"pl_PL\" \/>\n<meta property=\"og:type\" content=\"article\" \/>\n<meta property=\"og:title\" content=\"Szampon do w\u0142os\u00f3w blond i farbowanych Tigi Dumb Blonde\" \/>\n<meta property=\"og:description\" content=\"Szampon do w\u0142os\u00f3w blond i farbowanych poszukiwany! Odkrywamy dla Was szampon Tigi Colour Combat Dumb Blonde. Poznajcie opini\u0119 naszej Testerki.\" \/>\n<meta property=\"og:url\" content=\"https:\/\/estyl.pl\/blog\/tigi-colour-combat-dumb-blonde-szampon-do-wlosow-blond-i-farbowanych\/\" \/>\n<meta property=\"og:site_name\" content=\"Blog | Estyl.pl\" \/>\n<meta property=\"article:published_time\" content=\"2012-04-23T10:57:50+00:00\" \/>\n<meta property=\"article:modified_time\" content=\"2016-09-05T08:20:13+00:00\" \/>\n<meta property=\"og:image\" content=\"https:\/\/estyl.pl\/blog\/wp-content\/uploads\/2012\/04\/szampon-do-wlosow-blond-i-farbowanych.png\" \/>\n\t<meta property=\"og:image:width\" content=\"566\" \/>\n\t<meta property=\"og:image:height\" content=\"320\" \/>\n\t<meta property=\"og:image:type\" content=\"image\/png\" \/>\n<meta name=\"author\" content=\"admin\" \/>\n<meta name=\"twitter:label1\" content=\"Napisane przez\" \/>\n\t<meta name=\"twitter:data1\" content=\"admin\" \/>\n\t<meta name=\"twitter:label2\" content=\"Szacowany czas czytania\" \/>\n\t<meta name=\"twitter:data2\" content=\"4 minuty\" \/>\n<script type=\"application\/ld+json\" class=\"yoast-schema-graph\">{\"@context\":\"https:\/\/schema.org\",\"@graph\":[{\"@type\":\"WebPage\",\"@id\":\"https:\/\/estyl.pl\/blog\/tigi-colour-combat-dumb-blonde-szampon-do-wlosow-blond-i-farbowanych\/\",\"url\":\"https:\/\/estyl.pl\/blog\/tigi-colour-combat-dumb-blonde-szampon-do-wlosow-blond-i-farbowanych\/\",\"name\":\"Szampon do w\u0142os\u00f3w blond i farbowanych Tigi Dumb Blonde\",\"isPartOf\":{\"@id\":\"https:\/\/estyl.pl\/blog\/#website\"},\"datePublished\":\"2012-04-23T10:57:50+00:00\",\"dateModified\":\"2016-09-05T08:20:13+00:00\",\"author\":{\"@id\":\"https:\/\/estyl.pl\/blog\/#\/schema\/person\/22fff2064045ce23be580e18ca255220\"},\"description\":\"Szampon do w\u0142os\u00f3w blond i farbowanych poszukiwany! Odkrywamy dla Was szampon Tigi Colour Combat Dumb Blonde. Poznajcie opini\u0119 naszej Testerki.\",\"breadcrumb\":{\"@id\":\"https:\/\/estyl.pl\/blog\/tigi-colour-combat-dumb-blonde-szampon-do-wlosow-blond-i-farbowanych\/#breadcrumb\"},\"inLanguage\":\"pl-PL\",\"potentialAction\":[{\"@type\":\"ReadAction\",\"target\":[\"https:\/\/estyl.pl\/blog\/tigi-colour-combat-dumb-blonde-szampon-do-wlosow-blond-i-farbowanych\/\"]}]},{\"@type\":\"BreadcrumbList\",\"@id\":\"https:\/\/estyl.pl\/blog\/tigi-colour-combat-dumb-blonde-szampon-do-wlosow-blond-i-farbowanych\/#breadcrumb\",\"itemListElement\":[{\"@type\":\"ListItem\",\"position\":1,\"name\":\"Piel\u0119gnacja w\u0142os\u00f3w\",\"item\":\"https:\/\/estyl.pl\/blog\/pielegnacja-wlosow\/\"},{\"@type\":\"ListItem\",\"position\":2,\"name\":\"TIGI Colour Combat Dumb Blonde szampon do w\u0142os\u00f3w blond i farbowanych\"}]},{\"@type\":\"WebSite\",\"@id\":\"https:\/\/estyl.pl\/blog\/#website\",\"url\":\"https:\/\/estyl.pl\/blog\/\",\"name\":\"Blog | Estyl.pl\",\"description\":\"Kosmetyki do w\u0142os\u00f3w, porady, piel\u0119gnacja, stylizacja\",\"potentialAction\":[{\"@type\":\"SearchAction\",\"target\":{\"@type\":\"EntryPoint\",\"urlTemplate\":\"https:\/\/estyl.pl\/blog\/?s={search_term_string}\"},\"query-input\":\"required name=search_term_string\"}],\"inLanguage\":\"pl-PL\"},{\"@type\":\"Person\",\"@id\":\"https:\/\/estyl.pl\/blog\/#\/schema\/person\/22fff2064045ce23be580e18ca255220\",\"name\":\"admin\",\"url\":\"https:\/\/estyl.pl\/blog\/author\/admin\/\"}]}<\/script>\n<!-- \/ Yoast SEO plugin. -->","yoast_head_json":{"title":"Szampon do w\u0142os\u00f3w blond i farbowanych Tigi Dumb Blonde","description":"Szampon do w\u0142os\u00f3w blond i farbowanych poszukiwany! Odkrywamy dla Was szampon Tigi Colour Combat Dumb Blonde. Poznajcie opini\u0119 naszej Testerki.","robots":{"index":"index","follow":"follow","max-snippet":"max-snippet:-1","max-image-preview":"max-image-preview:large","max-video-preview":"max-video-preview:-1"},"canonical":"https:\/\/estyl.pl\/blog\/tigi-colour-combat-dumb-blonde-szampon-do-wlosow-blond-i-farbowanych\/","og_locale":"pl_PL","og_type":"article","og_title":"Szampon do w\u0142os\u00f3w blond i farbowanych Tigi Dumb Blonde","og_description":"Szampon do w\u0142os\u00f3w blond i farbowanych poszukiwany! Odkrywamy dla Was szampon Tigi Colour Combat Dumb Blonde. Poznajcie opini\u0119 naszej Testerki.","og_url":"https:\/\/estyl.pl\/blog\/tigi-colour-combat-dumb-blonde-szampon-do-wlosow-blond-i-farbowanych\/","og_site_name":"Blog | Estyl.pl","article_published_time":"2012-04-23T10:57:50+00:00","article_modified_time":"2016-09-05T08:20:13+00:00","og_image":[{"width":566,"height":320,"url":"https:\/\/estyl.pl\/blog\/wp-content\/uploads\/2012\/04\/szampon-do-wlosow-blond-i-farbowanych.png","type":"image\/png"}],"author":"admin","twitter_misc":{"Napisane przez":"admin","Szacowany czas czytania":"4 minuty"},"schema":{"@context":"https:\/\/schema.org","@graph":[{"@type":"WebPage","@id":"https:\/\/estyl.pl\/blog\/tigi-colour-combat-dumb-blonde-szampon-do-wlosow-blond-i-farbowanych\/","url":"https:\/\/estyl.pl\/blog\/tigi-colour-combat-dumb-blonde-szampon-do-wlosow-blond-i-farbowanych\/","name":"Szampon do w\u0142os\u00f3w blond i farbowanych Tigi Dumb Blonde","isPartOf":{"@id":"https:\/\/estyl.pl\/blog\/#website"},"datePublished":"2012-04-23T10:57:50+00:00","dateModified":"2016-09-05T08:20:13+00:00","author":{"@id":"https:\/\/estyl.pl\/blog\/#\/schema\/person\/22fff2064045ce23be580e18ca255220"},"description":"Szampon do w\u0142os\u00f3w blond i farbowanych poszukiwany! Odkrywamy dla Was szampon Tigi Colour Combat Dumb Blonde. Poznajcie opini\u0119 naszej Testerki.","breadcrumb":{"@id":"https:\/\/estyl.pl\/blog\/tigi-colour-combat-dumb-blonde-szampon-do-wlosow-blond-i-farbowanych\/#breadcrumb"},"inLanguage":"pl-PL","potentialAction":[{"@type":"ReadAction","target":["https:\/\/estyl.pl\/blog\/tigi-colour-combat-dumb-blonde-szampon-do-wlosow-blond-i-farbowanych\/"]}]},{"@type":"BreadcrumbList","@id":"https:\/\/estyl.pl\/blog\/tigi-colour-combat-dumb-blonde-szampon-do-wlosow-blond-i-farbowanych\/#breadcrumb","itemListElement":[{"@type":"ListItem","position":1,"name":"Piel\u0119gnacja w\u0142os\u00f3w","item":"https:\/\/estyl.pl\/blog\/pielegnacja-wlosow\/"},{"@type":"ListItem","position":2,"name":"TIGI Colour Combat Dumb Blonde szampon do w\u0142os\u00f3w blond i farbowanych"}]},{"@type":"WebSite","@id":"https:\/\/estyl.pl\/blog\/#website","url":"https:\/\/estyl.pl\/blog\/","name":"Blog | Estyl.pl","description":"Kosmetyki do w\u0142os\u00f3w, porady, piel\u0119gnacja, stylizacja","potentialAction":[{"@type":"SearchAction","target":{"@type":"EntryPoint","urlTemplate":"https:\/\/estyl.pl\/blog\/?s={search_term_string}"},"query-input":"required name=search_term_string"}],"inLanguage":"pl-PL"},{"@type":"Person","@id":"https:\/\/estyl.pl\/blog\/#\/schema\/person\/22fff2064045ce23be580e18ca255220","name":"admin","url":"https:\/\/estyl.pl\/blog\/author\/admin\/"}]}},"_links":{"self":[{"href":"https:\/\/estyl.pl\/blog\/wp-json\/wp\/v2\/posts\/9061"}],"collection":[{"href":"https:\/\/estyl.pl\/blog\/wp-json\/wp\/v2\/posts"}],"about":[{"href":"https:\/\/estyl.pl\/blog\/wp-json\/wp\/v2\/types\/post"}],"author":[{"embeddable":true,"href":"https:\/\/estyl.pl\/blog\/wp-json\/wp\/v2\/users\/1"}],"replies":[{"embeddable":true,"href":"https:\/\/estyl.pl\/blog\/wp-json\/wp\/v2\/comments?post=9061"}],"version-history":[{"count":66,"href":"https:\/\/estyl.pl\/blog\/wp-json\/wp\/v2\/posts\/9061\/revisions"}],"predecessor-version":[{"id":30300,"href":"https:\/\/estyl.pl\/blog\/wp-json\/wp\/v2\/posts\/9061\/revisions\/30300"}],"wp:featuredmedia":[{"embeddable":true,"href":"https:\/\/estyl.pl\/blog\/wp-json\/wp\/v2\/media\/25422"}],"wp:attachment":[{"href":"https:\/\/estyl.pl\/blog\/wp-json\/wp\/v2\/media?parent=9061"}],"wp:term":[{"taxonomy":"category","embeddable":true,"href":"https:\/\/estyl.pl\/blog\/wp-json\/wp\/v2\/categories?post=9061"},{"taxonomy":"post_tag","embeddable":true,"href":"https:\/\/estyl.pl\/blog\/wp-json\/wp\/v2\/tags?post=9061"}],"curies":[{"name":"wp","href":"https:\/\/api.w.org\/{rel}","templated":true}]}}