{"id":993,"date":"2011-06-10T11:26:13","date_gmt":"2011-06-10T10:26:13","guid":{"rendered":"https:\/\/estyl.pl\/blog\/?p=993"},"modified":"2019-06-10T13:43:38","modified_gmt":"2019-06-10T11:43:38","slug":"olej-rycynowy","status":"publish","type":"post","link":"https:\/\/estyl.pl\/blog\/olej-rycynowy\/","title":{"rendered":"Olej rycynowy (oleum ricini)"},"content":{"rendered":"<p>Olej rycynowy (po \u0142acinie: oleum ricini, castor oil) to wyci\u0105g z dojrza\u0142ych nasion r\u0105cznika pospolitego (ricinus communis). Olej rycynowy jest bezbarwny lub jasno\u017c\u00f3\u0142ty. G\u0142\u00f3wnymi jego sk\u0142adnikami s\u0105 kwasy: rycynolowy, linolowy, palmitynowy. Stosowany wewn\u0119trznie ma w\u0142a\u015bciwo\u015bci silnie przeczyszczaj\u0105ce \u2013 oczyszcza przew\u00f3d pokarmowy z niestrawionych resztek jedzenia.<!--more--><\/p>\n<p><img decoding=\"async\" loading=\"lazy\" class=\"alignleft wp-image-1002\" title=\"Leksykon kosmetyczny - olej rycynowy\" src=\"https:\/\/estyl.pl\/blog\/wp-content\/uploads\/2011\/06\/leksykon_kosmetyczny2.jpg\" alt=\"olej rycynowy\" width=\"150\" height=\"150\" \/><em><strong>Olej rycynowy ma te\u017c szerokie zastosowanie w kosmetyce. G\u0142\u00f3wnie w produktach do piel\u0119gnacji w\u0142os\u00f3w, brwi i rz\u0119s.<\/strong><\/em><\/p>\n<h2>Oleum ricini na w\u0142osy &#8211; dzia\u0142anie<\/h2>\n<p>Jest nieschn\u0105cy, czyli\u00a0 stosowany zewn\u0119trznie ma dzia\u0142anie powlekaj\u0105ce i ochronne. Olej z nasion r\u0105cznika (ricinus communis) zawieraj\u0105 niekt\u00f3re <a href=\"https:\/\/estyl.pl\/marka\/john-masters-organics\">kosmetyki John Masters Organics<\/a>, jak r\u00f3wnie\u017c rodzime kosmetyki Ziaja <a href=\"https:\/\/estyl.pl\/wlosy-farbowane\" target=\"_blank\">do w\u0142os\u00f3w farbowanych<\/a>. Olej rycynowy dodany do <a href=\"https:\/\/estyl.pl\/wlosy\/typy-produktu\/szampony\" target=\"_blank\">szampon\u00f3w<\/a> i <a href=\"https:\/\/estyl.pl\/wlosy\/typy-produktu\/odzywki\" target=\"_blank\">od\u017cywek do w\u0142os\u00f3w<\/a>, ma dzia\u0142anie zmi\u0119kczaj\u0105ce, ochronne i nawil\u017caj\u0105ce. Bardzo skutecznie pogrubia <a href=\"https:\/\/estyl.pl\/wlosy\" data-internallinksmanager029f6b8e52c=\"2\" title=\"w\u0142osy\">w\u0142osy<\/a>, tworz\u0105c na nich ochronny film.<\/p>\n<p><strong>Kosmetyk\u00f3w z olejem rycynowym powinny u\u017cywa\u0107 osoby, kt\u00f3rych problemem s\u0105 \u0142amliwe, suche i cienkie w\u0142osy. Olej rycynowy im pomo\u017ce.<\/strong><\/p>\n<p>Kosmetyki do w\u0142os\u00f3w z dodatkiem oleju rycynowego przed\u0142u\u017caj\u0105 trwa\u0142o\u015b\u0107 koloru na w\u0142osach farbowanych. W\u0142osy piel\u0119gnowane olejkiem rycynowym zyskuj\u0105 niesamowity po\u0142ysk, elastyczno\u015b\u0107 i g\u0142adko\u015b\u0107. Olej rycynowy <strong>zapobiega <a href=\"https:\/\/estyl.pl\/blog\/2013\/08\/wypadanie-wlosow-fakty-i-mity\/\">wypadaniu w\u0142os\u00f3w<\/a><\/strong> i rz\u0119s oraz pobudza do wzrostu nowe kom\u00f3rki w\u0142os\u00f3w. Poleca si\u0119 wcierki i <a href=\"https:\/\/estyl.pl\/wlosy\/typy-produktu\/maski\" target=\"_blank\">maseczki<\/a> domowe z dodatkiem oleju rycynowego na wzmocnienie w\u0142os\u00f3w. Sk\u00f3ra cz\u0142owieka bardzo dobrze toleruje olej rycynowy \u2013 nie ulega pod jego wp\u0142ywem podra\u017cnieniom, ani stanom zapalnym. Dlatego oleum ricini dodawany jest do \u0142agodz\u0105cych sk\u00f3r\u0119 <a href=\"https:\/\/estyl.pl\/kosmetyki-do-ciala\/balsamy-mleczka\" target=\"_blank\">balsam\u00f3w i mleczek kosmetycznych<\/a>.<\/p>\n","protected":false},"excerpt":{"rendered":"<p>Olej rycynowy (po \u0142acinie: oleum ricini, castor oil) to wyci\u0105g z dojrza\u0142ych nasion r\u0105cznika pospolitego (ricinus communis). Olej rycynowy jest bezbarwny lub jasno\u017c\u00f3\u0142ty. G\u0142\u00f3wnymi jego sk\u0142adnikami s\u0105 kwasy: rycynolowy, linolowy, palmitynowy. Stosowany wewn\u0119trznie ma w\u0142a\u015bciwo\u015bci silnie przeczyszczaj\u0105ce \u2013 oczyszcza przew\u00f3d pokarmowy z niestrawionych resztek jedzenia.<\/p>\n","protected":false},"author":23,"featured_media":24753,"comment_status":"open","ping_status":"closed","sticky":false,"template":"","format":"standard","meta":{"_eb_attr":""},"categories":[34],"tags":[46,156,232],"acf":[],"yoast_head":"<!-- This site is optimized with the Yoast SEO plugin v20.8 - https:\/\/yoast.com\/wordpress\/plugins\/seo\/ -->\n<title>Olej rycynowy (oleum ricini) na w\u0142osy<\/title>\n<meta name=\"description\" content=\"Olej rycynowy pogrubia w\u0142osy, dodaje im blasku i sprawia, \u017ce s\u0105 g\u0142adkie. Sprawd\u017a, jak u\u017cywa\u0107 oleum ricini na w\u0142osy.\" \/>\n<meta name=\"robots\" content=\"index, follow, max-snippet:-1, max-image-preview:large, max-video-preview:-1\" \/>\n<link rel=\"canonical\" href=\"https:\/\/estyl.pl\/blog\/olej-rycynowy\/\" \/>\n<meta property=\"og:locale\" content=\"pl_PL\" \/>\n<meta property=\"og:type\" content=\"article\" \/>\n<meta property=\"og:title\" content=\"Olej rycynowy (oleum ricini) na w\u0142osy\" \/>\n<meta property=\"og:description\" content=\"Olej rycynowy pogrubia w\u0142osy, dodaje im blasku i sprawia, \u017ce s\u0105 g\u0142adkie. Sprawd\u017a, jak u\u017cywa\u0107 oleum ricini na w\u0142osy.\" \/>\n<meta property=\"og:url\" content=\"https:\/\/estyl.pl\/blog\/olej-rycynowy\/\" \/>\n<meta property=\"og:site_name\" content=\"Blog | Estyl.pl\" \/>\n<meta property=\"article:author\" content=\"kdrogowskakwasnik\" \/>\n<meta property=\"article:published_time\" content=\"2011-06-10T10:26:13+00:00\" \/>\n<meta property=\"article:modified_time\" content=\"2019-06-10T11:43:38+00:00\" \/>\n<meta property=\"og:image\" content=\"https:\/\/estyl.pl\/blog\/wp-content\/uploads\/2011\/06\/olej-rycynowy.jpg\" \/>\n\t<meta property=\"og:image:width\" content=\"755\" \/>\n\t<meta property=\"og:image:height\" content=\"324\" \/>\n\t<meta property=\"og:image:type\" content=\"image\/jpeg\" \/>\n<meta name=\"author\" content=\"Karolina\" \/>\n<meta name=\"twitter:label1\" content=\"Napisane przez\" \/>\n\t<meta name=\"twitter:data1\" content=\"Karolina\" \/>\n\t<meta name=\"twitter:label2\" content=\"Szacowany czas czytania\" \/>\n\t<meta name=\"twitter:data2\" content=\"1 minuta\" \/>\n<script type=\"application\/ld+json\" class=\"yoast-schema-graph\">{\"@context\":\"https:\/\/schema.org\",\"@graph\":[{\"@type\":\"WebPage\",\"@id\":\"https:\/\/estyl.pl\/blog\/olej-rycynowy\/\",\"url\":\"https:\/\/estyl.pl\/blog\/olej-rycynowy\/\",\"name\":\"Olej rycynowy (oleum ricini) na w\u0142osy\",\"isPartOf\":{\"@id\":\"https:\/\/estyl.pl\/blog\/#website\"},\"datePublished\":\"2011-06-10T10:26:13+00:00\",\"dateModified\":\"2019-06-10T11:43:38+00:00\",\"author\":{\"@id\":\"https:\/\/estyl.pl\/blog\/#\/schema\/person\/debe1fb907542b5dc82bccc2029e474f\"},\"description\":\"Olej rycynowy pogrubia w\u0142osy, dodaje im blasku i sprawia, \u017ce s\u0105 g\u0142adkie. Sprawd\u017a, jak u\u017cywa\u0107 oleum ricini na w\u0142osy.\",\"breadcrumb\":{\"@id\":\"https:\/\/estyl.pl\/blog\/olej-rycynowy\/#breadcrumb\"},\"inLanguage\":\"pl-PL\",\"potentialAction\":[{\"@type\":\"ReadAction\",\"target\":[\"https:\/\/estyl.pl\/blog\/olej-rycynowy\/\"]}]},{\"@type\":\"BreadcrumbList\",\"@id\":\"https:\/\/estyl.pl\/blog\/olej-rycynowy\/#breadcrumb\",\"itemListElement\":[{\"@type\":\"ListItem\",\"position\":1,\"name\":\"Leksykon kosmetyczny\",\"item\":\"https:\/\/estyl.pl\/blog\/leksykon-kosmetyczny\/\"},{\"@type\":\"ListItem\",\"position\":2,\"name\":\"Olej rycynowy (oleum ricini)\"}]},{\"@type\":\"WebSite\",\"@id\":\"https:\/\/estyl.pl\/blog\/#website\",\"url\":\"https:\/\/estyl.pl\/blog\/\",\"name\":\"Blog | Estyl.pl\",\"description\":\"Kosmetyki do w\u0142os\u00f3w, porady, piel\u0119gnacja, stylizacja\",\"potentialAction\":[{\"@type\":\"SearchAction\",\"target\":{\"@type\":\"EntryPoint\",\"urlTemplate\":\"https:\/\/estyl.pl\/blog\/?s={search_term_string}\"},\"query-input\":\"required name=search_term_string\"}],\"inLanguage\":\"pl-PL\"},{\"@type\":\"Person\",\"@id\":\"https:\/\/estyl.pl\/blog\/#\/schema\/person\/debe1fb907542b5dc82bccc2029e474f\",\"name\":\"Karolina\",\"description\":\"Absolwentka kosmetologii i dietetyki na \u015al\u0105skiej Wy\u017cszej Szkole Medycznej w Katowicach. Ze sklepem Estyl.pl zwi\u0105zana od wielu lat. Wiedz\u0119 na temat produkt\u00f3w zebra\u0142a pracuj\u0105c w sklepie stacjonanym w Katowicach. Aktualnie pracuje jako copywriter, co daje jej du\u017co satysfakcji. Uwielbia testowa\u0107 nowe kosmetyki.\",\"sameAs\":[\"kdrogowskakwasnik\"],\"url\":\"https:\/\/estyl.pl\/blog\/author\/k-mistalsiekiera\/\"}]}<\/script>\n<!-- \/ Yoast SEO plugin. -->","yoast_head_json":{"title":"Olej rycynowy (oleum ricini) na w\u0142osy","description":"Olej rycynowy pogrubia w\u0142osy, dodaje im blasku i sprawia, \u017ce s\u0105 g\u0142adkie. Sprawd\u017a, jak u\u017cywa\u0107 oleum ricini na w\u0142osy.","robots":{"index":"index","follow":"follow","max-snippet":"max-snippet:-1","max-image-preview":"max-image-preview:large","max-video-preview":"max-video-preview:-1"},"canonical":"https:\/\/estyl.pl\/blog\/olej-rycynowy\/","og_locale":"pl_PL","og_type":"article","og_title":"Olej rycynowy (oleum ricini) na w\u0142osy","og_description":"Olej rycynowy pogrubia w\u0142osy, dodaje im blasku i sprawia, \u017ce s\u0105 g\u0142adkie. Sprawd\u017a, jak u\u017cywa\u0107 oleum ricini na w\u0142osy.","og_url":"https:\/\/estyl.pl\/blog\/olej-rycynowy\/","og_site_name":"Blog | Estyl.pl","article_author":"kdrogowskakwasnik","article_published_time":"2011-06-10T10:26:13+00:00","article_modified_time":"2019-06-10T11:43:38+00:00","og_image":[{"width":755,"height":324,"url":"https:\/\/estyl.pl\/blog\/wp-content\/uploads\/2011\/06\/olej-rycynowy.jpg","type":"image\/jpeg"}],"author":"Karolina","twitter_misc":{"Napisane przez":"Karolina","Szacowany czas czytania":"1 minuta"},"schema":{"@context":"https:\/\/schema.org","@graph":[{"@type":"WebPage","@id":"https:\/\/estyl.pl\/blog\/olej-rycynowy\/","url":"https:\/\/estyl.pl\/blog\/olej-rycynowy\/","name":"Olej rycynowy (oleum ricini) na w\u0142osy","isPartOf":{"@id":"https:\/\/estyl.pl\/blog\/#website"},"datePublished":"2011-06-10T10:26:13+00:00","dateModified":"2019-06-10T11:43:38+00:00","author":{"@id":"https:\/\/estyl.pl\/blog\/#\/schema\/person\/debe1fb907542b5dc82bccc2029e474f"},"description":"Olej rycynowy pogrubia w\u0142osy, dodaje im blasku i sprawia, \u017ce s\u0105 g\u0142adkie. Sprawd\u017a, jak u\u017cywa\u0107 oleum ricini na w\u0142osy.","breadcrumb":{"@id":"https:\/\/estyl.pl\/blog\/olej-rycynowy\/#breadcrumb"},"inLanguage":"pl-PL","potentialAction":[{"@type":"ReadAction","target":["https:\/\/estyl.pl\/blog\/olej-rycynowy\/"]}]},{"@type":"BreadcrumbList","@id":"https:\/\/estyl.pl\/blog\/olej-rycynowy\/#breadcrumb","itemListElement":[{"@type":"ListItem","position":1,"name":"Leksykon kosmetyczny","item":"https:\/\/estyl.pl\/blog\/leksykon-kosmetyczny\/"},{"@type":"ListItem","position":2,"name":"Olej rycynowy (oleum ricini)"}]},{"@type":"WebSite","@id":"https:\/\/estyl.pl\/blog\/#website","url":"https:\/\/estyl.pl\/blog\/","name":"Blog | Estyl.pl","description":"Kosmetyki do w\u0142os\u00f3w, porady, piel\u0119gnacja, stylizacja","potentialAction":[{"@type":"SearchAction","target":{"@type":"EntryPoint","urlTemplate":"https:\/\/estyl.pl\/blog\/?s={search_term_string}"},"query-input":"required name=search_term_string"}],"inLanguage":"pl-PL"},{"@type":"Person","@id":"https:\/\/estyl.pl\/blog\/#\/schema\/person\/debe1fb907542b5dc82bccc2029e474f","name":"Karolina","description":"Absolwentka kosmetologii i dietetyki na \u015al\u0105skiej Wy\u017cszej Szkole Medycznej w Katowicach. Ze sklepem Estyl.pl zwi\u0105zana od wielu lat. Wiedz\u0119 na temat produkt\u00f3w zebra\u0142a pracuj\u0105c w sklepie stacjonanym w Katowicach. Aktualnie pracuje jako copywriter, co daje jej du\u017co satysfakcji. Uwielbia testowa\u0107 nowe kosmetyki.","sameAs":["kdrogowskakwasnik"],"url":"https:\/\/estyl.pl\/blog\/author\/k-mistalsiekiera\/"}]}},"_links":{"self":[{"href":"https:\/\/estyl.pl\/blog\/wp-json\/wp\/v2\/posts\/993"}],"collection":[{"href":"https:\/\/estyl.pl\/blog\/wp-json\/wp\/v2\/posts"}],"about":[{"href":"https:\/\/estyl.pl\/blog\/wp-json\/wp\/v2\/types\/post"}],"author":[{"embeddable":true,"href":"https:\/\/estyl.pl\/blog\/wp-json\/wp\/v2\/users\/23"}],"replies":[{"embeddable":true,"href":"https:\/\/estyl.pl\/blog\/wp-json\/wp\/v2\/comments?post=993"}],"version-history":[{"count":55,"href":"https:\/\/estyl.pl\/blog\/wp-json\/wp\/v2\/posts\/993\/revisions"}],"predecessor-version":[{"id":33566,"href":"https:\/\/estyl.pl\/blog\/wp-json\/wp\/v2\/posts\/993\/revisions\/33566"}],"wp:featuredmedia":[{"embeddable":true,"href":"https:\/\/estyl.pl\/blog\/wp-json\/wp\/v2\/media\/24753"}],"wp:attachment":[{"href":"https:\/\/estyl.pl\/blog\/wp-json\/wp\/v2\/media?parent=993"}],"wp:term":[{"taxonomy":"category","embeddable":true,"href":"https:\/\/estyl.pl\/blog\/wp-json\/wp\/v2\/categories?post=993"},{"taxonomy":"post_tag","embeddable":true,"href":"https:\/\/estyl.pl\/blog\/wp-json\/wp\/v2\/tags?post=993"}],"curies":[{"name":"wp","href":"https:\/\/api.w.org\/{rel}","templated":true}]}}